{"id":13251,"date":"2026-03-25T10:33:08","date_gmt":"2026-03-25T09:33:08","guid":{"rendered":"https:\/\/www.hipac.com\/2026\/03\/hipac-la-interpack-2026\/"},"modified":"2026-03-25T14:49:29","modified_gmt":"2026-03-25T13:49:29","slug":"hipac-la-interpack-2026","status":"publish","type":"post","link":"https:\/\/www.hipac.com\/ro\/2026\/03\/hipac-la-interpack-2026\/","title":{"rendered":"HIPAC LA INTERPACK 2026"},"content":{"rendered":"\n<figure class=\"wp-block-image size-large\"><img loading=\"lazy\" decoding=\"async\" width=\"1024\" height=\"576\" src=\"https:\/\/www.hipac.com\/wp-content\/uploads\/2026\/03\/2026.03.18-Grafica-Interpack-versione-1-1024x576.jpg\" alt=\"HIPAC LA INTERPACK 2026\" class=\"wp-image-13117\" srcset=\"https:\/\/www.hipac.com\/wp-content\/uploads\/2026\/03\/2026.03.18-Grafica-Interpack-versione-1-1024x576.jpg 1024w, https:\/\/www.hipac.com\/wp-content\/uploads\/2026\/03\/2026.03.18-Grafica-Interpack-versione-1-300x169.jpg 300w, https:\/\/www.hipac.com\/wp-content\/uploads\/2026\/03\/2026.03.18-Grafica-Interpack-versione-1-768x432.jpg 768w, https:\/\/www.hipac.com\/wp-content\/uploads\/2026\/03\/2026.03.18-Grafica-Interpack-versione-1-1536x864.jpg 1536w, https:\/\/www.hipac.com\/wp-content\/uploads\/2026\/03\/2026.03.18-Grafica-Interpack-versione-1.jpg 1920w\" sizes=\"auto, (max-width: 1024px) 100vw, 1024px\" \/><\/figure>\n\n<p>La <strong>standul HIPAC (Hala 10, Stand D19)<\/strong>, vizitatorii vor putea descoperi parcursul de dezvoltare pe termen lung al Grupului, bazat pe<strong> sustenabilitate, inova\u021bie tehnologic\u0103<\/strong> \u0219i ergonomie pentru operatori.<\/p>\n\n<p><strong>Printre principalele nout\u0103\u021bi care vor fi prezentate la <a href=\"https:\/\/www.interpack.com\/\">Interpack<\/a> se num\u0103r\u0103:<\/strong><\/p>\n\n<p><strong>\u2022 NETROLL\u00ae \u2013 Folia stretc f\u0103r\u0103 tubul tradi\u021bional de carton<\/strong><br\/> <strong>100% folie stretch f\u0103r\u0103 tubul tradi\u021bional de carton<\/strong>, potrivit\u0103 at\u00e2t pentru aplica\u021bii manuale, c\u00e2t \u0219i automate. Aceast\u0103 solu\u021bie contribuie la reducerea de\u0219eurilor, la \u00eembun\u0103t\u0103\u021birea eficien\u021bei logistice \u0219i la sus\u021binerea unor procese de ambalare mai sustenabile.<\/p>\n\n<p><strong><a href=\"https:\/\/www.hipac.com\/ro\/produsul\/agrhipac\/\">\u2022 AGRHIPAC \u2013 Folia stretch pentru balotare<\/a><\/strong><br\/>Folie stretch nou\u0103, proiectat\u0103 special pentru \u00eenfolierea furajelor, conceput\u0103 pentru a asigura performan\u021be fiabile chiar \u0219i \u00een cele mai solicitante condi\u021bii de mediu \u0219i operare.<\/p>\n\n<p><strong><a href=\"https:\/\/www.hipac.com\/ro\/produse\/categoria\/folia-pentru-baxuri\/\">\u2022 COLLATION STRETCH \u2013 Alternativa noastr\u0103 la foliile termoretractibile<\/a><\/strong><br\/><strong>Alternativa noastr\u0103 sustenabil\u0103 <\/strong>la foliile retractibile tradi\u021bionale pentru ambalarea industrial\u0103 a baxurilor. Aceasta permite <strong>reducerea consumului de energie<\/strong> \u0219i de materiale, men\u021bin\u00e2nd \u00een acela\u0219i timp o stabilitate ridicat\u0103 a \u00eenc\u0103rc\u0103turii. <\/p>\n\n<p><strong><a href=\"https:\/\/www.hipac.com\/ro\/produsul\/dispenserul-hi-dea\/\">\u2022 HI.DEA \u2013 Revolu\u021bia ambal\u0103rii manuale<\/a><\/strong><br\/><strong>Dispenser ergonomic <\/strong>pentru opera\u021biunile de ambalare manual\u0103, conceput pentru a cre\u0219te eficien\u021ba opera\u021bional\u0103 \u0219i pentru a contribui la reducerea afec\u021biunilor musculo-scheletice ale operatorilor.<\/p>\n\n<h2 class=\"wp-block-heading\"><strong>O gam\u0103 complet\u0103 de solu\u021bii din folie stretch<\/strong><\/h2>\n\n<p>Pe l\u00e2ng\u0103 cele mai recente inova\u021bii, HIPAC va prezenta \u00eentreaga gam\u0103 de <strong>folii stretch premium<\/strong>, care include:<\/p>\n\n<ul class=\"wp-block-list\">\n<li>Folii stretch manuale \u0219i automate de \u00eenalt\u0103 performan\u021b\u0103<\/li>\n\n\n\n<li>Gama <strong>HI.GREEN<\/strong>, realizat\u0103 din plastic reciclat post-consumator sau post-industrial, certificat\u0103 <strong>Plastica Seconda Vita<\/strong> \u0219i <strong>AENOR<\/strong><\/li>\n\n\n\n<li>Solu\u021bii dedicate de <strong>pre-\u00eentindere<\/strong>, pentru o utilizare optimizat\u0103 a materialului \u0219i performan\u021be \u00eembun\u0103t\u0103\u021bite<\/li>\n<\/ul>\n\n<h2 class=\"wp-block-heading\"><strong>\u00cembun\u0103t\u0103\u021bi\u021bi-v\u0103 procesele de ambalare cu HIPAC<\/strong><\/h2>\n\n<p>INTERPACK 2026 reprezint\u0103 ocazia ideal\u0103 de a descoperi cum tehnologiile avansate HIPAC pot contribui la procese de ambalare <strong>mai eficiente, mai sigure<\/strong> \u0219i <strong>mai sustenabile<\/strong> \u00een diverse sectoare industriale.<\/p>\n\n<p>HIPAC va avea pl\u0103cerea de a primi vizitatorii la <strong>standul D19<\/strong>, situat \u00een <strong>Hala 10.<\/strong><\/p>\n","protected":false},"excerpt":{"rendered":"<p>La standul HIPAC (Hala 10, Stand D19), vizitatorii vor putea descoperi parcursul de dezvoltare pe termen lung al Grupului, bazat pe sustenabilitate, inova\u021bie tehnologic\u0103 \u0219i ergonomie pentru operatori. Printre principalele nout\u0103\u021bi care vor fi prezentate la Interpack se num\u0103r\u0103: \u2022 NETROLL\u00ae \u2013 Folia stretc f\u0103r\u0103 tubul tradi\u021bional de carton 100% folie stretch f\u0103r\u0103 tubul tradi\u021bional [&hellip;]<\/p>\n","protected":false},"author":7,"featured_media":0,"comment_status":"closed","ping_status":"closed","sticky":false,"template":"","format":"standard","meta":{"_acf_changed":false,"footnotes":""},"categories":[289],"tags":[952],"class_list":["post-13251","post","type-post","status-publish","format-standard","hentry","category-news-ro","tag-interpack"],"acf":[],"yoast_head":"<!-- This site is optimized with the Yoast SEO plugin v27.3 - https:\/\/yoast.com\/product\/yoast-seo-wordpress\/ -->\n<title>HIPAC LA INTERPACK 2026 - Hipac Group<\/title>\n<meta name=\"description\" content=\"HIPAC va avea pl\u0103cerea de a primi vizitatorii la standul D19, situat \u00een Hala 10.\" \/>\n<meta name=\"robots\" content=\"index, follow, max-snippet:-1, max-image-preview:large, max-video-preview:-1\" \/>\n<link rel=\"canonical\" href=\"https:\/\/www.hipac.com\/ro\/2026\/03\/hipac-la-interpack-2026\/\" \/>\n<meta property=\"og:locale\" content=\"ro_RO\" \/>\n<meta property=\"og:type\" content=\"article\" \/>\n<meta property=\"og:title\" content=\"HIPAC LA INTERPACK 2026 - Hipac Group\" \/>\n<meta property=\"og:description\" content=\"HIPAC va avea pl\u0103cerea de a primi vizitatorii la standul D19, situat \u00een Hala 10.\" \/>\n<meta property=\"og:url\" content=\"https:\/\/www.hipac.com\/ro\/2026\/03\/hipac-la-interpack-2026\/\" \/>\n<meta property=\"og:site_name\" content=\"Hipac Group\" \/>\n<meta property=\"article:published_time\" content=\"2026-03-25T09:33:08+00:00\" \/>\n<meta property=\"article:modified_time\" content=\"2026-03-25T13:49:29+00:00\" \/>\n<meta property=\"og:image\" content=\"https:\/\/www.hipac.com\/wp-content\/uploads\/2026\/03\/2026.03.18-Grafica-Interpack-versione-1.jpg\" \/>\n\t<meta property=\"og:image:width\" content=\"1920\" \/>\n\t<meta property=\"og:image:height\" content=\"1080\" \/>\n\t<meta property=\"og:image:type\" content=\"image\/jpeg\" \/>\n<meta name=\"author\" content=\"Alessandro Belotti\" \/>\n<meta name=\"twitter:card\" content=\"summary_large_image\" \/>\n<meta name=\"twitter:label1\" content=\"Scris de\" \/>\n\t<meta name=\"twitter:data1\" content=\"Alessandro Belotti\" \/>\n\t<meta name=\"twitter:label2\" content=\"Timp estimat pentru citire\" \/>\n\t<meta name=\"twitter:data2\" content=\"2 minut\" \/>\n<script type=\"application\/ld+json\" class=\"yoast-schema-graph\">{\"@context\":\"https:\\\/\\\/schema.org\",\"@graph\":[{\"@type\":\"Article\",\"@id\":\"https:\\\/\\\/www.hipac.com\\\/ro\\\/2026\\\/03\\\/hipac-la-interpack-2026\\\/#article\",\"isPartOf\":{\"@id\":\"https:\\\/\\\/www.hipac.com\\\/ro\\\/2026\\\/03\\\/hipac-la-interpack-2026\\\/\"},\"author\":{\"name\":\"Alessandro Belotti\",\"@id\":\"https:\\\/\\\/www.hipac.com\\\/ro\\\/#\\\/schema\\\/person\\\/6389bbd23c942e749577d7c5bd544a11\"},\"headline\":\"HIPAC LA INTERPACK 2026\",\"datePublished\":\"2026-03-25T09:33:08+00:00\",\"dateModified\":\"2026-03-25T13:49:29+00:00\",\"mainEntityOfPage\":{\"@id\":\"https:\\\/\\\/www.hipac.com\\\/ro\\\/2026\\\/03\\\/hipac-la-interpack-2026\\\/\"},\"wordCount\":331,\"image\":{\"@id\":\"https:\\\/\\\/www.hipac.com\\\/ro\\\/2026\\\/03\\\/hipac-la-interpack-2026\\\/#primaryimage\"},\"thumbnailUrl\":\"https:\\\/\\\/www.hipac.com\\\/wp-content\\\/uploads\\\/2026\\\/03\\\/2026.03.18-Grafica-Interpack-versione-1-1024x576.jpg\",\"keywords\":[\"interpack\"],\"articleSection\":[\"News\"],\"inLanguage\":\"ro-RO\"},{\"@type\":\"WebPage\",\"@id\":\"https:\\\/\\\/www.hipac.com\\\/ro\\\/2026\\\/03\\\/hipac-la-interpack-2026\\\/\",\"url\":\"https:\\\/\\\/www.hipac.com\\\/ro\\\/2026\\\/03\\\/hipac-la-interpack-2026\\\/\",\"name\":\"HIPAC LA INTERPACK 2026 - Hipac Group\",\"isPartOf\":{\"@id\":\"https:\\\/\\\/www.hipac.com\\\/ro\\\/#website\"},\"primaryImageOfPage\":{\"@id\":\"https:\\\/\\\/www.hipac.com\\\/ro\\\/2026\\\/03\\\/hipac-la-interpack-2026\\\/#primaryimage\"},\"image\":{\"@id\":\"https:\\\/\\\/www.hipac.com\\\/ro\\\/2026\\\/03\\\/hipac-la-interpack-2026\\\/#primaryimage\"},\"thumbnailUrl\":\"https:\\\/\\\/www.hipac.com\\\/wp-content\\\/uploads\\\/2026\\\/03\\\/2026.03.18-Grafica-Interpack-versione-1-1024x576.jpg\",\"datePublished\":\"2026-03-25T09:33:08+00:00\",\"dateModified\":\"2026-03-25T13:49:29+00:00\",\"author\":{\"@id\":\"https:\\\/\\\/www.hipac.com\\\/ro\\\/#\\\/schema\\\/person\\\/6389bbd23c942e749577d7c5bd544a11\"},\"description\":\"HIPAC va avea pl\u0103cerea de a primi vizitatorii la standul D19, situat \u00een Hala 10.\",\"inLanguage\":\"ro-RO\",\"potentialAction\":[{\"@type\":\"ReadAction\",\"target\":[\"https:\\\/\\\/www.hipac.com\\\/ro\\\/2026\\\/03\\\/hipac-la-interpack-2026\\\/\"]}]},{\"@type\":\"ImageObject\",\"inLanguage\":\"ro-RO\",\"@id\":\"https:\\\/\\\/www.hipac.com\\\/ro\\\/2026\\\/03\\\/hipac-la-interpack-2026\\\/#primaryimage\",\"url\":\"https:\\\/\\\/www.hipac.com\\\/wp-content\\\/uploads\\\/2026\\\/03\\\/2026.03.18-Grafica-Interpack-versione-1-1024x576.jpg\",\"contentUrl\":\"https:\\\/\\\/www.hipac.com\\\/wp-content\\\/uploads\\\/2026\\\/03\\\/2026.03.18-Grafica-Interpack-versione-1-1024x576.jpg\"},{\"@type\":\"WebSite\",\"@id\":\"https:\\\/\\\/www.hipac.com\\\/ro\\\/#website\",\"url\":\"https:\\\/\\\/www.hipac.com\\\/ro\\\/\",\"name\":\"Hipac Group\",\"description\":\"\",\"potentialAction\":[{\"@type\":\"SearchAction\",\"target\":{\"@type\":\"EntryPoint\",\"urlTemplate\":\"https:\\\/\\\/www.hipac.com\\\/ro\\\/?s={search_term_string}\"},\"query-input\":{\"@type\":\"PropertyValueSpecification\",\"valueRequired\":true,\"valueName\":\"search_term_string\"}}],\"inLanguage\":\"ro-RO\"},{\"@type\":\"Person\",\"@id\":\"https:\\\/\\\/www.hipac.com\\\/ro\\\/#\\\/schema\\\/person\\\/6389bbd23c942e749577d7c5bd544a11\",\"name\":\"Alessandro Belotti\",\"image\":{\"@type\":\"ImageObject\",\"inLanguage\":\"ro-RO\",\"@id\":\"https:\\\/\\\/secure.gravatar.com\\\/avatar\\\/dc3eadb75ce8ffa0ecac96a00c5edeab015b49c1b72c59fe1652b01ecfbd4aee?s=96&d=mm&r=g\",\"url\":\"https:\\\/\\\/secure.gravatar.com\\\/avatar\\\/dc3eadb75ce8ffa0ecac96a00c5edeab015b49c1b72c59fe1652b01ecfbd4aee?s=96&d=mm&r=g\",\"contentUrl\":\"https:\\\/\\\/secure.gravatar.com\\\/avatar\\\/dc3eadb75ce8ffa0ecac96a00c5edeab015b49c1b72c59fe1652b01ecfbd4aee?s=96&d=mm&r=g\",\"caption\":\"Alessandro Belotti\"},\"url\":\"https:\\\/\\\/www.hipac.com\\\/ro\\\/author\\\/alessandro-belottihipac-it\\\/\"}]}<\/script>\n<!-- \/ Yoast SEO plugin. -->","yoast_head_json":{"title":"HIPAC LA INTERPACK 2026 - Hipac Group","description":"HIPAC va avea pl\u0103cerea de a primi vizitatorii la standul D19, situat \u00een Hala 10.","robots":{"index":"index","follow":"follow","max-snippet":"max-snippet:-1","max-image-preview":"max-image-preview:large","max-video-preview":"max-video-preview:-1"},"canonical":"https:\/\/www.hipac.com\/ro\/2026\/03\/hipac-la-interpack-2026\/","og_locale":"ro_RO","og_type":"article","og_title":"HIPAC LA INTERPACK 2026 - Hipac Group","og_description":"HIPAC va avea pl\u0103cerea de a primi vizitatorii la standul D19, situat \u00een Hala 10.","og_url":"https:\/\/www.hipac.com\/ro\/2026\/03\/hipac-la-interpack-2026\/","og_site_name":"Hipac Group","article_published_time":"2026-03-25T09:33:08+00:00","article_modified_time":"2026-03-25T13:49:29+00:00","og_image":[{"width":1920,"height":1080,"url":"https:\/\/www.hipac.com\/wp-content\/uploads\/2026\/03\/2026.03.18-Grafica-Interpack-versione-1.jpg","type":"image\/jpeg"}],"author":"Alessandro Belotti","twitter_card":"summary_large_image","twitter_misc":{"Scris de":"Alessandro Belotti","Timp estimat pentru citire":"2 minut"},"schema":{"@context":"https:\/\/schema.org","@graph":[{"@type":"Article","@id":"https:\/\/www.hipac.com\/ro\/2026\/03\/hipac-la-interpack-2026\/#article","isPartOf":{"@id":"https:\/\/www.hipac.com\/ro\/2026\/03\/hipac-la-interpack-2026\/"},"author":{"name":"Alessandro Belotti","@id":"https:\/\/www.hipac.com\/ro\/#\/schema\/person\/6389bbd23c942e749577d7c5bd544a11"},"headline":"HIPAC LA INTERPACK 2026","datePublished":"2026-03-25T09:33:08+00:00","dateModified":"2026-03-25T13:49:29+00:00","mainEntityOfPage":{"@id":"https:\/\/www.hipac.com\/ro\/2026\/03\/hipac-la-interpack-2026\/"},"wordCount":331,"image":{"@id":"https:\/\/www.hipac.com\/ro\/2026\/03\/hipac-la-interpack-2026\/#primaryimage"},"thumbnailUrl":"https:\/\/www.hipac.com\/wp-content\/uploads\/2026\/03\/2026.03.18-Grafica-Interpack-versione-1-1024x576.jpg","keywords":["interpack"],"articleSection":["News"],"inLanguage":"ro-RO"},{"@type":"WebPage","@id":"https:\/\/www.hipac.com\/ro\/2026\/03\/hipac-la-interpack-2026\/","url":"https:\/\/www.hipac.com\/ro\/2026\/03\/hipac-la-interpack-2026\/","name":"HIPAC LA INTERPACK 2026 - Hipac Group","isPartOf":{"@id":"https:\/\/www.hipac.com\/ro\/#website"},"primaryImageOfPage":{"@id":"https:\/\/www.hipac.com\/ro\/2026\/03\/hipac-la-interpack-2026\/#primaryimage"},"image":{"@id":"https:\/\/www.hipac.com\/ro\/2026\/03\/hipac-la-interpack-2026\/#primaryimage"},"thumbnailUrl":"https:\/\/www.hipac.com\/wp-content\/uploads\/2026\/03\/2026.03.18-Grafica-Interpack-versione-1-1024x576.jpg","datePublished":"2026-03-25T09:33:08+00:00","dateModified":"2026-03-25T13:49:29+00:00","author":{"@id":"https:\/\/www.hipac.com\/ro\/#\/schema\/person\/6389bbd23c942e749577d7c5bd544a11"},"description":"HIPAC va avea pl\u0103cerea de a primi vizitatorii la standul D19, situat \u00een Hala 10.","inLanguage":"ro-RO","potentialAction":[{"@type":"ReadAction","target":["https:\/\/www.hipac.com\/ro\/2026\/03\/hipac-la-interpack-2026\/"]}]},{"@type":"ImageObject","inLanguage":"ro-RO","@id":"https:\/\/www.hipac.com\/ro\/2026\/03\/hipac-la-interpack-2026\/#primaryimage","url":"https:\/\/www.hipac.com\/wp-content\/uploads\/2026\/03\/2026.03.18-Grafica-Interpack-versione-1-1024x576.jpg","contentUrl":"https:\/\/www.hipac.com\/wp-content\/uploads\/2026\/03\/2026.03.18-Grafica-Interpack-versione-1-1024x576.jpg"},{"@type":"WebSite","@id":"https:\/\/www.hipac.com\/ro\/#website","url":"https:\/\/www.hipac.com\/ro\/","name":"Hipac Group","description":"","potentialAction":[{"@type":"SearchAction","target":{"@type":"EntryPoint","urlTemplate":"https:\/\/www.hipac.com\/ro\/?s={search_term_string}"},"query-input":{"@type":"PropertyValueSpecification","valueRequired":true,"valueName":"search_term_string"}}],"inLanguage":"ro-RO"},{"@type":"Person","@id":"https:\/\/www.hipac.com\/ro\/#\/schema\/person\/6389bbd23c942e749577d7c5bd544a11","name":"Alessandro Belotti","image":{"@type":"ImageObject","inLanguage":"ro-RO","@id":"https:\/\/secure.gravatar.com\/avatar\/dc3eadb75ce8ffa0ecac96a00c5edeab015b49c1b72c59fe1652b01ecfbd4aee?s=96&d=mm&r=g","url":"https:\/\/secure.gravatar.com\/avatar\/dc3eadb75ce8ffa0ecac96a00c5edeab015b49c1b72c59fe1652b01ecfbd4aee?s=96&d=mm&r=g","contentUrl":"https:\/\/secure.gravatar.com\/avatar\/dc3eadb75ce8ffa0ecac96a00c5edeab015b49c1b72c59fe1652b01ecfbd4aee?s=96&d=mm&r=g","caption":"Alessandro Belotti"},"url":"https:\/\/www.hipac.com\/ro\/author\/alessandro-belottihipac-it\/"}]}},"_links":{"self":[{"href":"https:\/\/www.hipac.com\/ro\/wp-json\/wp\/v2\/posts\/13251","targetHints":{"allow":["GET"]}}],"collection":[{"href":"https:\/\/www.hipac.com\/ro\/wp-json\/wp\/v2\/posts"}],"about":[{"href":"https:\/\/www.hipac.com\/ro\/wp-json\/wp\/v2\/types\/post"}],"author":[{"embeddable":true,"href":"https:\/\/www.hipac.com\/ro\/wp-json\/wp\/v2\/users\/7"}],"replies":[{"embeddable":true,"href":"https:\/\/www.hipac.com\/ro\/wp-json\/wp\/v2\/comments?post=13251"}],"version-history":[{"count":1,"href":"https:\/\/www.hipac.com\/ro\/wp-json\/wp\/v2\/posts\/13251\/revisions"}],"predecessor-version":[{"id":13252,"href":"https:\/\/www.hipac.com\/ro\/wp-json\/wp\/v2\/posts\/13251\/revisions\/13252"}],"wp:attachment":[{"href":"https:\/\/www.hipac.com\/ro\/wp-json\/wp\/v2\/media?parent=13251"}],"wp:term":[{"taxonomy":"category","embeddable":true,"href":"https:\/\/www.hipac.com\/ro\/wp-json\/wp\/v2\/categories?post=13251"},{"taxonomy":"post_tag","embeddable":true,"href":"https:\/\/www.hipac.com\/ro\/wp-json\/wp\/v2\/tags?post=13251"}],"curies":[{"name":"wp","href":"https:\/\/api.w.org\/{rel}","templated":true}]}}