{"id":11948,"date":"2025-10-03T14:33:32","date_gmt":"2025-10-03T12:33:32","guid":{"rendered":"https:\/\/www.hipac.com\/2025\/10\/hipac-a-primit-eticheta-verde-prs-2025\/"},"modified":"2025-10-03T15:05:56","modified_gmt":"2025-10-03T13:05:56","slug":"hipac-a-primit-eticheta-verde-prs-2025","status":"publish","type":"post","link":"https:\/\/www.hipac.com\/ro\/2025\/10\/hipac-a-primit-eticheta-verde-prs-2025\/","title":{"rendered":"HIPAC A PRIMIT ETICHETA VERDE PRS 2025"},"content":{"rendered":"\n<figure class=\"wp-block-image size-large\"><img loading=\"lazy\" decoding=\"async\" width=\"1024\" height=\"635\" src=\"https:\/\/www.hipac.com\/wp-content\/uploads\/2025\/10\/Grafica-1024x635.jpg\" alt=\"The PRS Green Label certificate\" class=\"wp-image-11933\" srcset=\"https:\/\/www.hipac.com\/wp-content\/uploads\/2025\/10\/Grafica-1024x635.jpg 1024w, https:\/\/www.hipac.com\/wp-content\/uploads\/2025\/10\/Grafica-300x186.jpg 300w, https:\/\/www.hipac.com\/wp-content\/uploads\/2025\/10\/Grafica-768x476.jpg 768w, https:\/\/www.hipac.com\/wp-content\/uploads\/2025\/10\/Grafica.jpg 1223w\" sizes=\"auto, (max-width: 1024px) 100vw, 1024px\" \/><\/figure>\n\n<p>\u0218i \u00een acest an consecutiv <strong>HIPAC<\/strong> a ob\u021binut premiul <strong>Green Label PRS<\/strong>.<\/p>\n\n<p>Premiul <strong>PRS Green Label<\/strong> recunoa\u0219te toate companiile care contribuie activ la <a href=\"https:\/\/www.prs-pooling.com\/en\/sustainability\/green-label\/#:~:text=For%20more%20than%2030%20years%2C%20PRS%20has%20been,model%2C%20we%20have%20created%20the%20PRS%20Green%20Label.\">procesul de reutilizare a pale\u021bilor<\/a>: datorit\u0103 unei rate de recuperare a pale\u021bilor de peste 65%, HIPAC contribuie la salvarea a sute de copaci, ob\u021bin\u00e2nd cea mai \u00eenalt\u0103 recunoa\u0219tere (3 stele).<\/p>\n\n<p>Acesta este un alt punct de referin\u021b\u0103 pe calea c\u0103tre <strong>sustenabilitate<\/strong> urm\u0103rit\u0103 de compania noastr\u0103.<\/p>\n\n<p>Afla\u021bi mai multe despre angajamentul HIPAC fa\u021b\u0103 de<a href=\"https:\/\/www.hipac.com\/ro\/sustenabilitate\/\"> durabilitate<\/a> aici<\/p>\n","protected":false},"excerpt":{"rendered":"<p>\u0218i \u00een acest an consecutiv HIPAC a ob\u021binut premiul Green Label PRS. Premiul PRS Green Label recunoa\u0219te toate companiile care contribuie activ la procesul de reutilizare a pale\u021bilor: datorit\u0103 unei rate de recuperare a pale\u021bilor de peste 65%, HIPAC contribuie la salvarea a sute de copaci, ob\u021bin\u00e2nd cea mai \u00eenalt\u0103 recunoa\u0219tere (3 stele). Acesta este [&hellip;]<\/p>\n","protected":false},"author":7,"featured_media":0,"comment_status":"closed","ping_status":"closed","sticky":false,"template":"","format":"standard","meta":{"_acf_changed":false,"footnotes":""},"categories":[289],"tags":[795,803,892,891],"class_list":["post-11948","post","type-post","status-publish","format-standard","hentry","category-news-ro","tag-folie-stretch","tag-greeneconomy-ro","tag-pallet","tag-prs-green-label"],"acf":[],"yoast_head":"<!-- This site is optimized with the Yoast SEO plugin v27.3 - https:\/\/yoast.com\/product\/yoast-seo-wordpress\/ -->\n<title>HIPAC A PRIMIT ETICHETA VERDE PRS 2025 - Hipac Group<\/title>\n<meta name=\"description\" content=\"Hipac a acordat eticheta verde PRS, recunoa\u0219te toate companiile care contribuie activ la procesul de reutilizare a pale\u021bilor.\" \/>\n<meta name=\"robots\" content=\"index, follow, max-snippet:-1, max-image-preview:large, max-video-preview:-1\" \/>\n<link rel=\"canonical\" href=\"https:\/\/www.hipac.com\/ro\/2025\/10\/hipac-a-primit-eticheta-verde-prs-2025\/\" \/>\n<meta property=\"og:locale\" content=\"ro_RO\" \/>\n<meta property=\"og:type\" content=\"article\" \/>\n<meta property=\"og:title\" content=\"HIPAC A PRIMIT ETICHETA VERDE PRS 2025 - Hipac Group\" \/>\n<meta property=\"og:description\" content=\"Hipac a acordat eticheta verde PRS, recunoa\u0219te toate companiile care contribuie activ la procesul de reutilizare a pale\u021bilor.\" \/>\n<meta property=\"og:url\" content=\"https:\/\/www.hipac.com\/ro\/2025\/10\/hipac-a-primit-eticheta-verde-prs-2025\/\" \/>\n<meta property=\"og:site_name\" content=\"Hipac Group\" \/>\n<meta property=\"article:published_time\" content=\"2025-10-03T12:33:32+00:00\" \/>\n<meta property=\"article:modified_time\" content=\"2025-10-03T13:05:56+00:00\" \/>\n<meta property=\"og:image\" content=\"https:\/\/www.hipac.com\/wp-content\/uploads\/2025\/10\/Grafica.jpg\" \/>\n\t<meta property=\"og:image:width\" content=\"1223\" \/>\n\t<meta property=\"og:image:height\" content=\"758\" \/>\n\t<meta property=\"og:image:type\" content=\"image\/jpeg\" \/>\n<meta name=\"author\" content=\"Alessandro Belotti\" \/>\n<meta name=\"twitter:card\" content=\"summary_large_image\" \/>\n<meta name=\"twitter:label1\" content=\"Scris de\" \/>\n\t<meta name=\"twitter:data1\" content=\"Alessandro Belotti\" \/>\n<script type=\"application\/ld+json\" class=\"yoast-schema-graph\">{\"@context\":\"https:\\\/\\\/schema.org\",\"@graph\":[{\"@type\":\"Article\",\"@id\":\"https:\\\/\\\/www.hipac.com\\\/ro\\\/2025\\\/10\\\/hipac-a-primit-eticheta-verde-prs-2025\\\/#article\",\"isPartOf\":{\"@id\":\"https:\\\/\\\/www.hipac.com\\\/ro\\\/2025\\\/10\\\/hipac-a-primit-eticheta-verde-prs-2025\\\/\"},\"author\":{\"name\":\"Alessandro Belotti\",\"@id\":\"https:\\\/\\\/www.hipac.com\\\/ro\\\/#\\\/schema\\\/person\\\/6389bbd23c942e749577d7c5bd544a11\"},\"headline\":\"HIPAC A PRIMIT ETICHETA VERDE PRS 2025\",\"datePublished\":\"2025-10-03T12:33:32+00:00\",\"dateModified\":\"2025-10-03T13:05:56+00:00\",\"mainEntityOfPage\":{\"@id\":\"https:\\\/\\\/www.hipac.com\\\/ro\\\/2025\\\/10\\\/hipac-a-primit-eticheta-verde-prs-2025\\\/\"},\"wordCount\":92,\"image\":{\"@id\":\"https:\\\/\\\/www.hipac.com\\\/ro\\\/2025\\\/10\\\/hipac-a-primit-eticheta-verde-prs-2025\\\/#primaryimage\"},\"thumbnailUrl\":\"https:\\\/\\\/www.hipac.com\\\/wp-content\\\/uploads\\\/2025\\\/10\\\/Grafica-1024x635.jpg\",\"keywords\":[\"folie stretch\",\"greeneconomy\",\"pallet\",\"PRS Green Label\"],\"articleSection\":[\"News\"],\"inLanguage\":\"ro-RO\"},{\"@type\":\"WebPage\",\"@id\":\"https:\\\/\\\/www.hipac.com\\\/ro\\\/2025\\\/10\\\/hipac-a-primit-eticheta-verde-prs-2025\\\/\",\"url\":\"https:\\\/\\\/www.hipac.com\\\/ro\\\/2025\\\/10\\\/hipac-a-primit-eticheta-verde-prs-2025\\\/\",\"name\":\"HIPAC A PRIMIT ETICHETA VERDE PRS 2025 - Hipac Group\",\"isPartOf\":{\"@id\":\"https:\\\/\\\/www.hipac.com\\\/ro\\\/#website\"},\"primaryImageOfPage\":{\"@id\":\"https:\\\/\\\/www.hipac.com\\\/ro\\\/2025\\\/10\\\/hipac-a-primit-eticheta-verde-prs-2025\\\/#primaryimage\"},\"image\":{\"@id\":\"https:\\\/\\\/www.hipac.com\\\/ro\\\/2025\\\/10\\\/hipac-a-primit-eticheta-verde-prs-2025\\\/#primaryimage\"},\"thumbnailUrl\":\"https:\\\/\\\/www.hipac.com\\\/wp-content\\\/uploads\\\/2025\\\/10\\\/Grafica-1024x635.jpg\",\"datePublished\":\"2025-10-03T12:33:32+00:00\",\"dateModified\":\"2025-10-03T13:05:56+00:00\",\"author\":{\"@id\":\"https:\\\/\\\/www.hipac.com\\\/ro\\\/#\\\/schema\\\/person\\\/6389bbd23c942e749577d7c5bd544a11\"},\"description\":\"Hipac a acordat eticheta verde PRS, recunoa\u0219te toate companiile care contribuie activ la procesul de reutilizare a pale\u021bilor.\",\"inLanguage\":\"ro-RO\",\"potentialAction\":[{\"@type\":\"ReadAction\",\"target\":[\"https:\\\/\\\/www.hipac.com\\\/ro\\\/2025\\\/10\\\/hipac-a-primit-eticheta-verde-prs-2025\\\/\"]}]},{\"@type\":\"ImageObject\",\"inLanguage\":\"ro-RO\",\"@id\":\"https:\\\/\\\/www.hipac.com\\\/ro\\\/2025\\\/10\\\/hipac-a-primit-eticheta-verde-prs-2025\\\/#primaryimage\",\"url\":\"https:\\\/\\\/www.hipac.com\\\/wp-content\\\/uploads\\\/2025\\\/10\\\/Grafica-1024x635.jpg\",\"contentUrl\":\"https:\\\/\\\/www.hipac.com\\\/wp-content\\\/uploads\\\/2025\\\/10\\\/Grafica-1024x635.jpg\"},{\"@type\":\"WebSite\",\"@id\":\"https:\\\/\\\/www.hipac.com\\\/ro\\\/#website\",\"url\":\"https:\\\/\\\/www.hipac.com\\\/ro\\\/\",\"name\":\"Hipac Group\",\"description\":\"\",\"potentialAction\":[{\"@type\":\"SearchAction\",\"target\":{\"@type\":\"EntryPoint\",\"urlTemplate\":\"https:\\\/\\\/www.hipac.com\\\/ro\\\/?s={search_term_string}\"},\"query-input\":{\"@type\":\"PropertyValueSpecification\",\"valueRequired\":true,\"valueName\":\"search_term_string\"}}],\"inLanguage\":\"ro-RO\"},{\"@type\":\"Person\",\"@id\":\"https:\\\/\\\/www.hipac.com\\\/ro\\\/#\\\/schema\\\/person\\\/6389bbd23c942e749577d7c5bd544a11\",\"name\":\"Alessandro Belotti\",\"image\":{\"@type\":\"ImageObject\",\"inLanguage\":\"ro-RO\",\"@id\":\"https:\\\/\\\/secure.gravatar.com\\\/avatar\\\/dc3eadb75ce8ffa0ecac96a00c5edeab015b49c1b72c59fe1652b01ecfbd4aee?s=96&d=mm&r=g\",\"url\":\"https:\\\/\\\/secure.gravatar.com\\\/avatar\\\/dc3eadb75ce8ffa0ecac96a00c5edeab015b49c1b72c59fe1652b01ecfbd4aee?s=96&d=mm&r=g\",\"contentUrl\":\"https:\\\/\\\/secure.gravatar.com\\\/avatar\\\/dc3eadb75ce8ffa0ecac96a00c5edeab015b49c1b72c59fe1652b01ecfbd4aee?s=96&d=mm&r=g\",\"caption\":\"Alessandro Belotti\"},\"url\":\"https:\\\/\\\/www.hipac.com\\\/ro\\\/author\\\/alessandro-belottihipac-it\\\/\"}]}<\/script>\n<!-- \/ Yoast SEO plugin. -->","yoast_head_json":{"title":"HIPAC A PRIMIT ETICHETA VERDE PRS 2025 - Hipac Group","description":"Hipac a acordat eticheta verde PRS, recunoa\u0219te toate companiile care contribuie activ la procesul de reutilizare a pale\u021bilor.","robots":{"index":"index","follow":"follow","max-snippet":"max-snippet:-1","max-image-preview":"max-image-preview:large","max-video-preview":"max-video-preview:-1"},"canonical":"https:\/\/www.hipac.com\/ro\/2025\/10\/hipac-a-primit-eticheta-verde-prs-2025\/","og_locale":"ro_RO","og_type":"article","og_title":"HIPAC A PRIMIT ETICHETA VERDE PRS 2025 - Hipac Group","og_description":"Hipac a acordat eticheta verde PRS, recunoa\u0219te toate companiile care contribuie activ la procesul de reutilizare a pale\u021bilor.","og_url":"https:\/\/www.hipac.com\/ro\/2025\/10\/hipac-a-primit-eticheta-verde-prs-2025\/","og_site_name":"Hipac Group","article_published_time":"2025-10-03T12:33:32+00:00","article_modified_time":"2025-10-03T13:05:56+00:00","og_image":[{"width":1223,"height":758,"url":"https:\/\/www.hipac.com\/wp-content\/uploads\/2025\/10\/Grafica.jpg","type":"image\/jpeg"}],"author":"Alessandro Belotti","twitter_card":"summary_large_image","twitter_misc":{"Scris de":"Alessandro Belotti"},"schema":{"@context":"https:\/\/schema.org","@graph":[{"@type":"Article","@id":"https:\/\/www.hipac.com\/ro\/2025\/10\/hipac-a-primit-eticheta-verde-prs-2025\/#article","isPartOf":{"@id":"https:\/\/www.hipac.com\/ro\/2025\/10\/hipac-a-primit-eticheta-verde-prs-2025\/"},"author":{"name":"Alessandro Belotti","@id":"https:\/\/www.hipac.com\/ro\/#\/schema\/person\/6389bbd23c942e749577d7c5bd544a11"},"headline":"HIPAC A PRIMIT ETICHETA VERDE PRS 2025","datePublished":"2025-10-03T12:33:32+00:00","dateModified":"2025-10-03T13:05:56+00:00","mainEntityOfPage":{"@id":"https:\/\/www.hipac.com\/ro\/2025\/10\/hipac-a-primit-eticheta-verde-prs-2025\/"},"wordCount":92,"image":{"@id":"https:\/\/www.hipac.com\/ro\/2025\/10\/hipac-a-primit-eticheta-verde-prs-2025\/#primaryimage"},"thumbnailUrl":"https:\/\/www.hipac.com\/wp-content\/uploads\/2025\/10\/Grafica-1024x635.jpg","keywords":["folie stretch","greeneconomy","pallet","PRS Green Label"],"articleSection":["News"],"inLanguage":"ro-RO"},{"@type":"WebPage","@id":"https:\/\/www.hipac.com\/ro\/2025\/10\/hipac-a-primit-eticheta-verde-prs-2025\/","url":"https:\/\/www.hipac.com\/ro\/2025\/10\/hipac-a-primit-eticheta-verde-prs-2025\/","name":"HIPAC A PRIMIT ETICHETA VERDE PRS 2025 - Hipac Group","isPartOf":{"@id":"https:\/\/www.hipac.com\/ro\/#website"},"primaryImageOfPage":{"@id":"https:\/\/www.hipac.com\/ro\/2025\/10\/hipac-a-primit-eticheta-verde-prs-2025\/#primaryimage"},"image":{"@id":"https:\/\/www.hipac.com\/ro\/2025\/10\/hipac-a-primit-eticheta-verde-prs-2025\/#primaryimage"},"thumbnailUrl":"https:\/\/www.hipac.com\/wp-content\/uploads\/2025\/10\/Grafica-1024x635.jpg","datePublished":"2025-10-03T12:33:32+00:00","dateModified":"2025-10-03T13:05:56+00:00","author":{"@id":"https:\/\/www.hipac.com\/ro\/#\/schema\/person\/6389bbd23c942e749577d7c5bd544a11"},"description":"Hipac a acordat eticheta verde PRS, recunoa\u0219te toate companiile care contribuie activ la procesul de reutilizare a pale\u021bilor.","inLanguage":"ro-RO","potentialAction":[{"@type":"ReadAction","target":["https:\/\/www.hipac.com\/ro\/2025\/10\/hipac-a-primit-eticheta-verde-prs-2025\/"]}]},{"@type":"ImageObject","inLanguage":"ro-RO","@id":"https:\/\/www.hipac.com\/ro\/2025\/10\/hipac-a-primit-eticheta-verde-prs-2025\/#primaryimage","url":"https:\/\/www.hipac.com\/wp-content\/uploads\/2025\/10\/Grafica-1024x635.jpg","contentUrl":"https:\/\/www.hipac.com\/wp-content\/uploads\/2025\/10\/Grafica-1024x635.jpg"},{"@type":"WebSite","@id":"https:\/\/www.hipac.com\/ro\/#website","url":"https:\/\/www.hipac.com\/ro\/","name":"Hipac Group","description":"","potentialAction":[{"@type":"SearchAction","target":{"@type":"EntryPoint","urlTemplate":"https:\/\/www.hipac.com\/ro\/?s={search_term_string}"},"query-input":{"@type":"PropertyValueSpecification","valueRequired":true,"valueName":"search_term_string"}}],"inLanguage":"ro-RO"},{"@type":"Person","@id":"https:\/\/www.hipac.com\/ro\/#\/schema\/person\/6389bbd23c942e749577d7c5bd544a11","name":"Alessandro Belotti","image":{"@type":"ImageObject","inLanguage":"ro-RO","@id":"https:\/\/secure.gravatar.com\/avatar\/dc3eadb75ce8ffa0ecac96a00c5edeab015b49c1b72c59fe1652b01ecfbd4aee?s=96&d=mm&r=g","url":"https:\/\/secure.gravatar.com\/avatar\/dc3eadb75ce8ffa0ecac96a00c5edeab015b49c1b72c59fe1652b01ecfbd4aee?s=96&d=mm&r=g","contentUrl":"https:\/\/secure.gravatar.com\/avatar\/dc3eadb75ce8ffa0ecac96a00c5edeab015b49c1b72c59fe1652b01ecfbd4aee?s=96&d=mm&r=g","caption":"Alessandro Belotti"},"url":"https:\/\/www.hipac.com\/ro\/author\/alessandro-belottihipac-it\/"}]}},"_links":{"self":[{"href":"https:\/\/www.hipac.com\/ro\/wp-json\/wp\/v2\/posts\/11948","targetHints":{"allow":["GET"]}}],"collection":[{"href":"https:\/\/www.hipac.com\/ro\/wp-json\/wp\/v2\/posts"}],"about":[{"href":"https:\/\/www.hipac.com\/ro\/wp-json\/wp\/v2\/types\/post"}],"author":[{"embeddable":true,"href":"https:\/\/www.hipac.com\/ro\/wp-json\/wp\/v2\/users\/7"}],"replies":[{"embeddable":true,"href":"https:\/\/www.hipac.com\/ro\/wp-json\/wp\/v2\/comments?post=11948"}],"version-history":[{"count":1,"href":"https:\/\/www.hipac.com\/ro\/wp-json\/wp\/v2\/posts\/11948\/revisions"}],"predecessor-version":[{"id":11949,"href":"https:\/\/www.hipac.com\/ro\/wp-json\/wp\/v2\/posts\/11948\/revisions\/11949"}],"wp:attachment":[{"href":"https:\/\/www.hipac.com\/ro\/wp-json\/wp\/v2\/media?parent=11948"}],"wp:term":[{"taxonomy":"category","embeddable":true,"href":"https:\/\/www.hipac.com\/ro\/wp-json\/wp\/v2\/categories?post=11948"},{"taxonomy":"post_tag","embeddable":true,"href":"https:\/\/www.hipac.com\/ro\/wp-json\/wp\/v2\/tags?post=11948"}],"curies":[{"name":"wp","href":"https:\/\/api.w.org\/{rel}","templated":true}]}}