{"id":10097,"date":"2024-03-26T10:29:23","date_gmt":"2024-03-26T09:29:23","guid":{"rendered":"https:\/\/www.hipac.com\/?p=10097"},"modified":"2024-03-29T16:32:51","modified_gmt":"2024-03-29T15:32:51","slug":"hipac-isi-aminteste-de-fondatorul-sau-simone-giorlando","status":"publish","type":"post","link":"https:\/\/www.hipac.com\/ro\/2024\/03\/hipac-isi-aminteste-de-fondatorul-sau-simone-giorlando\/","title":{"rendered":"HIPAC \u00ce\u0218I AMINTE\u0218TE DE FONDATORUL S\u0102U, SIMONE GIORLANDO"},"content":{"rendered":"\n<p><strong>HIPAC<\/strong> dore\u0219te s\u0103 \u00ee\u0219i aminteasc\u0103 de fondatorul s\u0103u, <strong>Simone Giorlando<\/strong>, care a \u00eencetat din via\u021b\u0103 miercuri, 20 martie, la v\u00e2rsta de 84 de ani.<\/p>\n\n<p>Un antreprenor vizionar, luminat, neobosit, riguros, devotat familiei sale, care \u0219i-a iubit munca, pe care a condus-o cu onestitate, etic\u0103 \u0219i pasiune. <\/p>\n\n<p>Un punct de referin\u021b\u0103 pentru companie \u0219i pentru \u00eentreaga industrie.<\/p>\n\n<p>So\u021bia sa, Orestina, \u0219i copiii Aurora, Alessandra, Daniele, Giacomo, \u00eempreun\u0103 cu angaja\u021bii <strong>HIPAC<\/strong>, doresc s\u0103-i onoreze trecerea \u00een nefiin\u021b\u0103 \u00eemp\u0103rt\u0103\u0219ind cu dumneavoastr\u0103 <a href=\"https:\/\/www.giornaledibrescia.it\/economia\/addio-a-simone-giorlando-fondatore-della-hipac-di-cazzago-m35a91te\">articolul<\/a> publicat de <strong>Giornale di Brescia<\/strong> de mai jos:<\/p>\n\n<p><\/p>\n\n<p> <\/p>\n\n<figure class=\"wp-block-image size-large\"><img loading=\"lazy\" decoding=\"async\" width=\"1024\" height=\"325\" src=\"https:\/\/www.hipac.com\/wp-content\/uploads\/2024\/03\/2023_03_22_Giornale-di-Brescia-1024x325.jpg\" alt=\"Articolul din Giornale di Brescia despre dispari&#x21B;ia lui Simone Giorlando.\" class=\"wp-image-10082\" srcset=\"https:\/\/www.hipac.com\/wp-content\/uploads\/2024\/03\/2023_03_22_Giornale-di-Brescia-1024x325.jpg 1024w, https:\/\/www.hipac.com\/wp-content\/uploads\/2024\/03\/2023_03_22_Giornale-di-Brescia-300x95.jpg 300w, https:\/\/www.hipac.com\/wp-content\/uploads\/2024\/03\/2023_03_22_Giornale-di-Brescia-768x244.jpg 768w, https:\/\/www.hipac.com\/wp-content\/uploads\/2024\/03\/2023_03_22_Giornale-di-Brescia.jpg 1246w\" sizes=\"auto, (max-width: 1024px) 100vw, 1024px\" \/><\/figure>","protected":false},"excerpt":{"rendered":"<p>HIPAC dore\u0219te s\u0103 \u00ee\u0219i aminteasc\u0103 de fondatorul s\u0103u, Simone Giorlando, care a \u00eencetat din via\u021b\u0103 miercuri, 20 martie, la v\u00e2rsta de 84 de ani. Un antreprenor vizionar, luminat, neobosit, riguros, devotat familiei sale, care \u0219i-a iubit munca, pe care a condus-o cu onestitate, etic\u0103 \u0219i pasiune. Un punct de referin\u021b\u0103 pentru companie \u0219i pentru \u00eentreaga [&hellip;]<\/p>\n","protected":false},"author":7,"featured_media":0,"comment_status":"closed","ping_status":"closed","sticky":false,"template":"","format":"standard","meta":{"_acf_changed":false,"footnotes":""},"categories":[289],"tags":[],"class_list":["post-10097","post","type-post","status-publish","format-standard","hentry","category-news-ro"],"acf":[],"yoast_head":"<!-- This site is optimized with the Yoast SEO plugin v27.3 - https:\/\/yoast.com\/product\/yoast-seo-wordpress\/ -->\n<title>HIPAC \u00ce\u0218I AMINTE\u0218TE DE FONDATORUL S\u0102U, SIMONE GIORLANDO - Hipac Group<\/title>\n<meta name=\"description\" content=\"Familia \u0219i angaja\u021bii doresc s\u0103 onoreze trecerea \u00een nefiin\u021b\u0103 a fondatorului Hipac, Simone Giorlando, la v\u00e2rsta de 84 de ani.\" \/>\n<meta name=\"robots\" content=\"index, follow, max-snippet:-1, max-image-preview:large, max-video-preview:-1\" \/>\n<link rel=\"canonical\" href=\"https:\/\/www.hipac.com\/ro\/2024\/03\/hipac-isi-aminteste-de-fondatorul-sau-simone-giorlando\/\" \/>\n<meta property=\"og:locale\" content=\"ro_RO\" \/>\n<meta property=\"og:type\" content=\"article\" \/>\n<meta property=\"og:title\" content=\"HIPAC \u00ce\u0218I AMINTE\u0218TE DE FONDATORUL S\u0102U, SIMONE GIORLANDO - Hipac Group\" \/>\n<meta property=\"og:description\" content=\"Familia \u0219i angaja\u021bii doresc s\u0103 onoreze trecerea \u00een nefiin\u021b\u0103 a fondatorului Hipac, Simone Giorlando, la v\u00e2rsta de 84 de ani.\" \/>\n<meta property=\"og:url\" content=\"https:\/\/www.hipac.com\/ro\/2024\/03\/hipac-isi-aminteste-de-fondatorul-sau-simone-giorlando\/\" \/>\n<meta property=\"og:site_name\" content=\"Hipac Group\" \/>\n<meta property=\"article:published_time\" content=\"2024-03-26T09:29:23+00:00\" \/>\n<meta property=\"article:modified_time\" content=\"2024-03-29T15:32:51+00:00\" \/>\n<meta property=\"og:image\" content=\"https:\/\/www.hipac.com\/wp-content\/uploads\/2024\/03\/2023_03_22_Giornale-di-Brescia-1024x325.jpg\" \/>\n<meta name=\"author\" content=\"Alessandro Belotti\" \/>\n<meta name=\"twitter:card\" content=\"summary_large_image\" \/>\n<meta name=\"twitter:label1\" content=\"Scris de\" \/>\n\t<meta name=\"twitter:data1\" content=\"Alessandro Belotti\" \/>\n\t<meta name=\"twitter:label2\" content=\"Timp estimat pentru citire\" \/>\n\t<meta name=\"twitter:data2\" content=\"1 minut\" \/>\n<script type=\"application\/ld+json\" class=\"yoast-schema-graph\">{\"@context\":\"https:\\\/\\\/schema.org\",\"@graph\":[{\"@type\":\"Article\",\"@id\":\"https:\\\/\\\/www.hipac.com\\\/ro\\\/2024\\\/03\\\/hipac-isi-aminteste-de-fondatorul-sau-simone-giorlando\\\/#article\",\"isPartOf\":{\"@id\":\"https:\\\/\\\/www.hipac.com\\\/ro\\\/2024\\\/03\\\/hipac-isi-aminteste-de-fondatorul-sau-simone-giorlando\\\/\"},\"author\":{\"name\":\"Alessandro Belotti\",\"@id\":\"https:\\\/\\\/www.hipac.com\\\/ro\\\/#\\\/schema\\\/person\\\/6389bbd23c942e749577d7c5bd544a11\"},\"headline\":\"HIPAC \u00ce\u0218I AMINTE\u0218TE DE FONDATORUL S\u0102U, SIMONE GIORLANDO\",\"datePublished\":\"2024-03-26T09:29:23+00:00\",\"dateModified\":\"2024-03-29T15:32:51+00:00\",\"mainEntityOfPage\":{\"@id\":\"https:\\\/\\\/www.hipac.com\\\/ro\\\/2024\\\/03\\\/hipac-isi-aminteste-de-fondatorul-sau-simone-giorlando\\\/\"},\"wordCount\":103,\"image\":{\"@id\":\"https:\\\/\\\/www.hipac.com\\\/ro\\\/2024\\\/03\\\/hipac-isi-aminteste-de-fondatorul-sau-simone-giorlando\\\/#primaryimage\"},\"thumbnailUrl\":\"https:\\\/\\\/www.hipac.com\\\/wp-content\\\/uploads\\\/2024\\\/03\\\/2023_03_22_Giornale-di-Brescia-1024x325.jpg\",\"articleSection\":[\"News\"],\"inLanguage\":\"ro-RO\"},{\"@type\":\"WebPage\",\"@id\":\"https:\\\/\\\/www.hipac.com\\\/ro\\\/2024\\\/03\\\/hipac-isi-aminteste-de-fondatorul-sau-simone-giorlando\\\/\",\"url\":\"https:\\\/\\\/www.hipac.com\\\/ro\\\/2024\\\/03\\\/hipac-isi-aminteste-de-fondatorul-sau-simone-giorlando\\\/\",\"name\":\"HIPAC \u00ce\u0218I AMINTE\u0218TE DE FONDATORUL S\u0102U, SIMONE GIORLANDO - Hipac Group\",\"isPartOf\":{\"@id\":\"https:\\\/\\\/www.hipac.com\\\/ro\\\/#website\"},\"primaryImageOfPage\":{\"@id\":\"https:\\\/\\\/www.hipac.com\\\/ro\\\/2024\\\/03\\\/hipac-isi-aminteste-de-fondatorul-sau-simone-giorlando\\\/#primaryimage\"},\"image\":{\"@id\":\"https:\\\/\\\/www.hipac.com\\\/ro\\\/2024\\\/03\\\/hipac-isi-aminteste-de-fondatorul-sau-simone-giorlando\\\/#primaryimage\"},\"thumbnailUrl\":\"https:\\\/\\\/www.hipac.com\\\/wp-content\\\/uploads\\\/2024\\\/03\\\/2023_03_22_Giornale-di-Brescia-1024x325.jpg\",\"datePublished\":\"2024-03-26T09:29:23+00:00\",\"dateModified\":\"2024-03-29T15:32:51+00:00\",\"author\":{\"@id\":\"https:\\\/\\\/www.hipac.com\\\/ro\\\/#\\\/schema\\\/person\\\/6389bbd23c942e749577d7c5bd544a11\"},\"description\":\"Familia \u0219i angaja\u021bii doresc s\u0103 onoreze trecerea \u00een nefiin\u021b\u0103 a fondatorului Hipac, Simone Giorlando, la v\u00e2rsta de 84 de ani.\",\"inLanguage\":\"ro-RO\",\"potentialAction\":[{\"@type\":\"ReadAction\",\"target\":[\"https:\\\/\\\/www.hipac.com\\\/ro\\\/2024\\\/03\\\/hipac-isi-aminteste-de-fondatorul-sau-simone-giorlando\\\/\"]}]},{\"@type\":\"ImageObject\",\"inLanguage\":\"ro-RO\",\"@id\":\"https:\\\/\\\/www.hipac.com\\\/ro\\\/2024\\\/03\\\/hipac-isi-aminteste-de-fondatorul-sau-simone-giorlando\\\/#primaryimage\",\"url\":\"https:\\\/\\\/www.hipac.com\\\/wp-content\\\/uploads\\\/2024\\\/03\\\/2023_03_22_Giornale-di-Brescia-1024x325.jpg\",\"contentUrl\":\"https:\\\/\\\/www.hipac.com\\\/wp-content\\\/uploads\\\/2024\\\/03\\\/2023_03_22_Giornale-di-Brescia-1024x325.jpg\"},{\"@type\":\"WebSite\",\"@id\":\"https:\\\/\\\/www.hipac.com\\\/ro\\\/#website\",\"url\":\"https:\\\/\\\/www.hipac.com\\\/ro\\\/\",\"name\":\"Hipac Group\",\"description\":\"\",\"potentialAction\":[{\"@type\":\"SearchAction\",\"target\":{\"@type\":\"EntryPoint\",\"urlTemplate\":\"https:\\\/\\\/www.hipac.com\\\/ro\\\/?s={search_term_string}\"},\"query-input\":{\"@type\":\"PropertyValueSpecification\",\"valueRequired\":true,\"valueName\":\"search_term_string\"}}],\"inLanguage\":\"ro-RO\"},{\"@type\":\"Person\",\"@id\":\"https:\\\/\\\/www.hipac.com\\\/ro\\\/#\\\/schema\\\/person\\\/6389bbd23c942e749577d7c5bd544a11\",\"name\":\"Alessandro Belotti\",\"image\":{\"@type\":\"ImageObject\",\"inLanguage\":\"ro-RO\",\"@id\":\"https:\\\/\\\/secure.gravatar.com\\\/avatar\\\/dc3eadb75ce8ffa0ecac96a00c5edeab015b49c1b72c59fe1652b01ecfbd4aee?s=96&d=mm&r=g\",\"url\":\"https:\\\/\\\/secure.gravatar.com\\\/avatar\\\/dc3eadb75ce8ffa0ecac96a00c5edeab015b49c1b72c59fe1652b01ecfbd4aee?s=96&d=mm&r=g\",\"contentUrl\":\"https:\\\/\\\/secure.gravatar.com\\\/avatar\\\/dc3eadb75ce8ffa0ecac96a00c5edeab015b49c1b72c59fe1652b01ecfbd4aee?s=96&d=mm&r=g\",\"caption\":\"Alessandro Belotti\"},\"url\":\"https:\\\/\\\/www.hipac.com\\\/ro\\\/author\\\/alessandro-belottihipac-it\\\/\"}]}<\/script>\n<!-- \/ Yoast SEO plugin. -->","yoast_head_json":{"title":"HIPAC \u00ce\u0218I AMINTE\u0218TE DE FONDATORUL S\u0102U, SIMONE GIORLANDO - Hipac Group","description":"Familia \u0219i angaja\u021bii doresc s\u0103 onoreze trecerea \u00een nefiin\u021b\u0103 a fondatorului Hipac, Simone Giorlando, la v\u00e2rsta de 84 de ani.","robots":{"index":"index","follow":"follow","max-snippet":"max-snippet:-1","max-image-preview":"max-image-preview:large","max-video-preview":"max-video-preview:-1"},"canonical":"https:\/\/www.hipac.com\/ro\/2024\/03\/hipac-isi-aminteste-de-fondatorul-sau-simone-giorlando\/","og_locale":"ro_RO","og_type":"article","og_title":"HIPAC \u00ce\u0218I AMINTE\u0218TE DE FONDATORUL S\u0102U, SIMONE GIORLANDO - Hipac Group","og_description":"Familia \u0219i angaja\u021bii doresc s\u0103 onoreze trecerea \u00een nefiin\u021b\u0103 a fondatorului Hipac, Simone Giorlando, la v\u00e2rsta de 84 de ani.","og_url":"https:\/\/www.hipac.com\/ro\/2024\/03\/hipac-isi-aminteste-de-fondatorul-sau-simone-giorlando\/","og_site_name":"Hipac Group","article_published_time":"2024-03-26T09:29:23+00:00","article_modified_time":"2024-03-29T15:32:51+00:00","og_image":[{"url":"https:\/\/www.hipac.com\/wp-content\/uploads\/2024\/03\/2023_03_22_Giornale-di-Brescia-1024x325.jpg","type":"","width":"","height":""}],"author":"Alessandro Belotti","twitter_card":"summary_large_image","twitter_misc":{"Scris de":"Alessandro Belotti","Timp estimat pentru citire":"1 minut"},"schema":{"@context":"https:\/\/schema.org","@graph":[{"@type":"Article","@id":"https:\/\/www.hipac.com\/ro\/2024\/03\/hipac-isi-aminteste-de-fondatorul-sau-simone-giorlando\/#article","isPartOf":{"@id":"https:\/\/www.hipac.com\/ro\/2024\/03\/hipac-isi-aminteste-de-fondatorul-sau-simone-giorlando\/"},"author":{"name":"Alessandro Belotti","@id":"https:\/\/www.hipac.com\/ro\/#\/schema\/person\/6389bbd23c942e749577d7c5bd544a11"},"headline":"HIPAC \u00ce\u0218I AMINTE\u0218TE DE FONDATORUL S\u0102U, SIMONE GIORLANDO","datePublished":"2024-03-26T09:29:23+00:00","dateModified":"2024-03-29T15:32:51+00:00","mainEntityOfPage":{"@id":"https:\/\/www.hipac.com\/ro\/2024\/03\/hipac-isi-aminteste-de-fondatorul-sau-simone-giorlando\/"},"wordCount":103,"image":{"@id":"https:\/\/www.hipac.com\/ro\/2024\/03\/hipac-isi-aminteste-de-fondatorul-sau-simone-giorlando\/#primaryimage"},"thumbnailUrl":"https:\/\/www.hipac.com\/wp-content\/uploads\/2024\/03\/2023_03_22_Giornale-di-Brescia-1024x325.jpg","articleSection":["News"],"inLanguage":"ro-RO"},{"@type":"WebPage","@id":"https:\/\/www.hipac.com\/ro\/2024\/03\/hipac-isi-aminteste-de-fondatorul-sau-simone-giorlando\/","url":"https:\/\/www.hipac.com\/ro\/2024\/03\/hipac-isi-aminteste-de-fondatorul-sau-simone-giorlando\/","name":"HIPAC \u00ce\u0218I AMINTE\u0218TE DE FONDATORUL S\u0102U, SIMONE GIORLANDO - Hipac Group","isPartOf":{"@id":"https:\/\/www.hipac.com\/ro\/#website"},"primaryImageOfPage":{"@id":"https:\/\/www.hipac.com\/ro\/2024\/03\/hipac-isi-aminteste-de-fondatorul-sau-simone-giorlando\/#primaryimage"},"image":{"@id":"https:\/\/www.hipac.com\/ro\/2024\/03\/hipac-isi-aminteste-de-fondatorul-sau-simone-giorlando\/#primaryimage"},"thumbnailUrl":"https:\/\/www.hipac.com\/wp-content\/uploads\/2024\/03\/2023_03_22_Giornale-di-Brescia-1024x325.jpg","datePublished":"2024-03-26T09:29:23+00:00","dateModified":"2024-03-29T15:32:51+00:00","author":{"@id":"https:\/\/www.hipac.com\/ro\/#\/schema\/person\/6389bbd23c942e749577d7c5bd544a11"},"description":"Familia \u0219i angaja\u021bii doresc s\u0103 onoreze trecerea \u00een nefiin\u021b\u0103 a fondatorului Hipac, Simone Giorlando, la v\u00e2rsta de 84 de ani.","inLanguage":"ro-RO","potentialAction":[{"@type":"ReadAction","target":["https:\/\/www.hipac.com\/ro\/2024\/03\/hipac-isi-aminteste-de-fondatorul-sau-simone-giorlando\/"]}]},{"@type":"ImageObject","inLanguage":"ro-RO","@id":"https:\/\/www.hipac.com\/ro\/2024\/03\/hipac-isi-aminteste-de-fondatorul-sau-simone-giorlando\/#primaryimage","url":"https:\/\/www.hipac.com\/wp-content\/uploads\/2024\/03\/2023_03_22_Giornale-di-Brescia-1024x325.jpg","contentUrl":"https:\/\/www.hipac.com\/wp-content\/uploads\/2024\/03\/2023_03_22_Giornale-di-Brescia-1024x325.jpg"},{"@type":"WebSite","@id":"https:\/\/www.hipac.com\/ro\/#website","url":"https:\/\/www.hipac.com\/ro\/","name":"Hipac Group","description":"","potentialAction":[{"@type":"SearchAction","target":{"@type":"EntryPoint","urlTemplate":"https:\/\/www.hipac.com\/ro\/?s={search_term_string}"},"query-input":{"@type":"PropertyValueSpecification","valueRequired":true,"valueName":"search_term_string"}}],"inLanguage":"ro-RO"},{"@type":"Person","@id":"https:\/\/www.hipac.com\/ro\/#\/schema\/person\/6389bbd23c942e749577d7c5bd544a11","name":"Alessandro Belotti","image":{"@type":"ImageObject","inLanguage":"ro-RO","@id":"https:\/\/secure.gravatar.com\/avatar\/dc3eadb75ce8ffa0ecac96a00c5edeab015b49c1b72c59fe1652b01ecfbd4aee?s=96&d=mm&r=g","url":"https:\/\/secure.gravatar.com\/avatar\/dc3eadb75ce8ffa0ecac96a00c5edeab015b49c1b72c59fe1652b01ecfbd4aee?s=96&d=mm&r=g","contentUrl":"https:\/\/secure.gravatar.com\/avatar\/dc3eadb75ce8ffa0ecac96a00c5edeab015b49c1b72c59fe1652b01ecfbd4aee?s=96&d=mm&r=g","caption":"Alessandro Belotti"},"url":"https:\/\/www.hipac.com\/ro\/author\/alessandro-belottihipac-it\/"}]}},"_links":{"self":[{"href":"https:\/\/www.hipac.com\/ro\/wp-json\/wp\/v2\/posts\/10097","targetHints":{"allow":["GET"]}}],"collection":[{"href":"https:\/\/www.hipac.com\/ro\/wp-json\/wp\/v2\/posts"}],"about":[{"href":"https:\/\/www.hipac.com\/ro\/wp-json\/wp\/v2\/types\/post"}],"author":[{"embeddable":true,"href":"https:\/\/www.hipac.com\/ro\/wp-json\/wp\/v2\/users\/7"}],"replies":[{"embeddable":true,"href":"https:\/\/www.hipac.com\/ro\/wp-json\/wp\/v2\/comments?post=10097"}],"version-history":[{"count":3,"href":"https:\/\/www.hipac.com\/ro\/wp-json\/wp\/v2\/posts\/10097\/revisions"}],"predecessor-version":[{"id":10107,"href":"https:\/\/www.hipac.com\/ro\/wp-json\/wp\/v2\/posts\/10097\/revisions\/10107"}],"wp:attachment":[{"href":"https:\/\/www.hipac.com\/ro\/wp-json\/wp\/v2\/media?parent=10097"}],"wp:term":[{"taxonomy":"category","embeddable":true,"href":"https:\/\/www.hipac.com\/ro\/wp-json\/wp\/v2\/categories?post=10097"},{"taxonomy":"post_tag","embeddable":true,"href":"https:\/\/www.hipac.com\/ro\/wp-json\/wp\/v2\/tags?post=10097"}],"curies":[{"name":"wp","href":"https:\/\/api.w.org\/{rel}","templated":true}]}}