{"id":10601,"date":"2024-10-21T15:20:00","date_gmt":"2024-10-21T13:20:00","guid":{"rendered":"https:\/\/www.hipac.com\/2024\/10\/iberhipac-s-a-gold-sponsor-della-fiera-empack-con-netroll-e-collation-stretch\/"},"modified":"2024-10-21T17:42:45","modified_gmt":"2024-10-21T15:42:45","slug":"iberhipac-s-a-gold-sponsor-della-fiera-empack-con-netroll-e-collation-stretch","status":"publish","type":"post","link":"https:\/\/www.hipac.com\/it\/2024\/10\/iberhipac-s-a-gold-sponsor-della-fiera-empack-con-netroll-e-collation-stretch\/","title":{"rendered":"IBERHIPAC S.A. GOLD SPONSOR DELLA FIERA EMPACK CON NETROLL E COLLATION STRETCH"},"content":{"rendered":"\n<p><strong>Iberhipac S.A.<\/strong>, societ\u00e0 spagnola del <strong>Gruppo HIPAC<\/strong>, parteciper\u00e0 per la prima volta alla fiera <strong><a href=\"https:\/\/www.empackmadrid.com\/es\/\">Empack<\/a><\/strong> (<strong>Padiglione 5, Stand 5G08<\/strong>), che si terr\u00e0 a Madrid il <strong>27 e 28 novembre<\/strong>.<\/p>\n\n<p>Sar\u00e0 un&#8217;ottima occasione per incontrare personalmente i nostri esperti tecnici, esplorare le ultime innovazioni nel settore del packaging e discutere nuove possibilit\u00e0 di collaborazione strategica.<\/p>\n\n<p><strong>Iberhipac S.A.<\/strong> presenter\u00e0 diversi nuovi prodotti, tra cui segnaliamo la nuova bobina di film estensibile senza mandrino di cartone per uso sia manuale che automatico (<a href=\"https:\/\/www.hipac.com\/it\/sostenibilita\/\"><strong>NETROLL\u00ae<\/strong><\/a>) e la nostra soluzione per sostituire il film termoretraibile tradizionale (<strong><a href=\"https:\/\/www.hipac.com\/it\/prodotti\/categoria\/collation-stretch\/\">COLLATION STRETCH<\/a><\/strong>).<\/p>\n\n<p><strong>Iberhipac S.A.<\/strong> sar\u00e0 anche <strong>Gold sponsor<\/strong> della Fiera <\/p>\n\n<p>Accedete a questo <a href=\"https:\/\/register.visitcloud.com\/survey\/0a9ohr42assqh?actioncode=32055\">link <\/a>per scaricare la vostra partecipazione gratuita inserendo il codice corrispondente.<\/p>\n\n<figure class=\"wp-block-image size-large\"><img loading=\"lazy\" decoding=\"async\" width=\"1024\" height=\"536\" src=\"https:\/\/www.hipac.com\/wp-content\/uploads\/2024\/10\/invito-fiera-1024x536.png\" alt=\"\" class=\"wp-image-10594\" srcset=\"https:\/\/www.hipac.com\/wp-content\/uploads\/2024\/10\/invito-fiera-1024x536.png 1024w, https:\/\/www.hipac.com\/wp-content\/uploads\/2024\/10\/invito-fiera-300x157.png 300w, https:\/\/www.hipac.com\/wp-content\/uploads\/2024\/10\/invito-fiera-768x402.png 768w, https:\/\/www.hipac.com\/wp-content\/uploads\/2024\/10\/invito-fiera.png 1200w\" sizes=\"auto, (max-width: 1024px) 100vw, 1024px\" \/><\/figure>\n\n<p>Vi aspettiamo: <strong>Padiglione 5, Stand 5G08!<\/strong><\/p>\n","protected":false},"excerpt":{"rendered":"<p>Iberhipac S.A., societ\u00e0 spagnola del Gruppo HIPAC, parteciper\u00e0 per la prima volta alla fiera Empack (Padiglione 5, Stand 5G08), che si terr\u00e0 a Madrid il 27 e 28 novembre. Sar\u00e0 un&#8217;ottima occasione per incontrare personalmente i nostri esperti tecnici, esplorare le ultime innovazioni nel settore del packaging e discutere nuove possibilit\u00e0 di collaborazione strategica. Iberhipac [&hellip;]<\/p>\n","protected":false},"author":7,"featured_media":0,"comment_status":"closed","ping_status":"closed","sticky":false,"template":"","format":"standard","meta":{"_acf_changed":false,"footnotes":""},"categories":[45],"tags":[781,779,316],"class_list":["post-10601","post","type-post","status-publish","format-standard","hentry","category-news","tag-fair","tag-netroll","tag-stretchfilm"],"acf":[],"yoast_head":"<!-- This site is optimized with the Yoast SEO plugin v27.3 - https:\/\/yoast.com\/product\/yoast-seo-wordpress\/ -->\n<title>IBERHIPAC S.A. GOLD SPONSOR DELLA FIERA EMPACK CON NETROLL E COLLATION STRETCH - Hipac Group<\/title>\n<meta name=\"description\" content=\"Iberhipac S.A., societ\u00e0 spagnola del Gruppo HIPAC, parteciper\u00e0 per la prima volta alla fiera Empack (Padiglione 5, Stand 5G08), che si terr\u00e0 a Madrid il 27 e 28 novembre.\" \/>\n<meta name=\"robots\" content=\"index, follow, max-snippet:-1, max-image-preview:large, max-video-preview:-1\" \/>\n<link rel=\"canonical\" href=\"https:\/\/www.hipac.com\/it\/2024\/10\/iberhipac-s-a-gold-sponsor-della-fiera-empack-con-netroll-e-collation-stretch\/\" \/>\n<meta property=\"og:locale\" content=\"it_IT\" \/>\n<meta property=\"og:type\" content=\"article\" \/>\n<meta property=\"og:title\" content=\"IBERHIPAC S.A. GOLD SPONSOR DELLA FIERA EMPACK CON NETROLL E COLLATION STRETCH - Hipac Group\" \/>\n<meta property=\"og:description\" content=\"Iberhipac S.A., societ\u00e0 spagnola del Gruppo HIPAC, parteciper\u00e0 per la prima volta alla fiera Empack (Padiglione 5, Stand 5G08), che si terr\u00e0 a Madrid il 27 e 28 novembre.\" \/>\n<meta property=\"og:url\" content=\"https:\/\/www.hipac.com\/it\/2024\/10\/iberhipac-s-a-gold-sponsor-della-fiera-empack-con-netroll-e-collation-stretch\/\" \/>\n<meta property=\"og:site_name\" content=\"Hipac Group\" \/>\n<meta property=\"article:published_time\" content=\"2024-10-21T13:20:00+00:00\" \/>\n<meta property=\"article:modified_time\" content=\"2024-10-21T15:42:45+00:00\" \/>\n<meta property=\"og:image\" content=\"https:\/\/www.hipac.com\/wp-content\/uploads\/2024\/10\/invito-fiera-1024x536.png\" \/>\n<meta name=\"author\" content=\"Alessandro Belotti\" \/>\n<meta name=\"twitter:card\" content=\"summary_large_image\" \/>\n<meta name=\"twitter:label1\" content=\"Scritto da\" \/>\n\t<meta name=\"twitter:data1\" content=\"Alessandro Belotti\" \/>\n\t<meta name=\"twitter:label2\" content=\"Tempo di lettura stimato\" \/>\n\t<meta name=\"twitter:data2\" content=\"1 minuto\" \/>\n<script type=\"application\/ld+json\" class=\"yoast-schema-graph\">{\"@context\":\"https:\\\/\\\/schema.org\",\"@graph\":[{\"@type\":\"Article\",\"@id\":\"https:\\\/\\\/www.hipac.com\\\/it\\\/2024\\\/10\\\/iberhipac-s-a-gold-sponsor-della-fiera-empack-con-netroll-e-collation-stretch\\\/#article\",\"isPartOf\":{\"@id\":\"https:\\\/\\\/www.hipac.com\\\/it\\\/2024\\\/10\\\/iberhipac-s-a-gold-sponsor-della-fiera-empack-con-netroll-e-collation-stretch\\\/\"},\"author\":{\"name\":\"Alessandro Belotti\",\"@id\":\"https:\\\/\\\/www.hipac.com\\\/it\\\/#\\\/schema\\\/person\\\/6389bbd23c942e749577d7c5bd544a11\"},\"headline\":\"IBERHIPAC S.A. GOLD SPONSOR DELLA FIERA EMPACK CON NETROLL E COLLATION STRETCH\",\"datePublished\":\"2024-10-21T13:20:00+00:00\",\"dateModified\":\"2024-10-21T15:42:45+00:00\",\"mainEntityOfPage\":{\"@id\":\"https:\\\/\\\/www.hipac.com\\\/it\\\/2024\\\/10\\\/iberhipac-s-a-gold-sponsor-della-fiera-empack-con-netroll-e-collation-stretch\\\/\"},\"wordCount\":133,\"image\":{\"@id\":\"https:\\\/\\\/www.hipac.com\\\/it\\\/2024\\\/10\\\/iberhipac-s-a-gold-sponsor-della-fiera-empack-con-netroll-e-collation-stretch\\\/#primaryimage\"},\"thumbnailUrl\":\"https:\\\/\\\/www.hipac.com\\\/wp-content\\\/uploads\\\/2024\\\/10\\\/invito-fiera-1024x536.png\",\"keywords\":[\"fair\",\"NetRoll\",\"stretchfilm\"],\"articleSection\":[\"News\"],\"inLanguage\":\"it-IT\"},{\"@type\":\"WebPage\",\"@id\":\"https:\\\/\\\/www.hipac.com\\\/it\\\/2024\\\/10\\\/iberhipac-s-a-gold-sponsor-della-fiera-empack-con-netroll-e-collation-stretch\\\/\",\"url\":\"https:\\\/\\\/www.hipac.com\\\/it\\\/2024\\\/10\\\/iberhipac-s-a-gold-sponsor-della-fiera-empack-con-netroll-e-collation-stretch\\\/\",\"name\":\"IBERHIPAC S.A. GOLD SPONSOR DELLA FIERA EMPACK CON NETROLL E COLLATION STRETCH - Hipac Group\",\"isPartOf\":{\"@id\":\"https:\\\/\\\/www.hipac.com\\\/it\\\/#website\"},\"primaryImageOfPage\":{\"@id\":\"https:\\\/\\\/www.hipac.com\\\/it\\\/2024\\\/10\\\/iberhipac-s-a-gold-sponsor-della-fiera-empack-con-netroll-e-collation-stretch\\\/#primaryimage\"},\"image\":{\"@id\":\"https:\\\/\\\/www.hipac.com\\\/it\\\/2024\\\/10\\\/iberhipac-s-a-gold-sponsor-della-fiera-empack-con-netroll-e-collation-stretch\\\/#primaryimage\"},\"thumbnailUrl\":\"https:\\\/\\\/www.hipac.com\\\/wp-content\\\/uploads\\\/2024\\\/10\\\/invito-fiera-1024x536.png\",\"datePublished\":\"2024-10-21T13:20:00+00:00\",\"dateModified\":\"2024-10-21T15:42:45+00:00\",\"author\":{\"@id\":\"https:\\\/\\\/www.hipac.com\\\/it\\\/#\\\/schema\\\/person\\\/6389bbd23c942e749577d7c5bd544a11\"},\"description\":\"Iberhipac S.A., societ\u00e0 spagnola del Gruppo HIPAC, parteciper\u00e0 per la prima volta alla fiera Empack (Padiglione 5, Stand 5G08), che si terr\u00e0 a Madrid il 27 e 28 novembre.\",\"inLanguage\":\"it-IT\",\"potentialAction\":[{\"@type\":\"ReadAction\",\"target\":[\"https:\\\/\\\/www.hipac.com\\\/it\\\/2024\\\/10\\\/iberhipac-s-a-gold-sponsor-della-fiera-empack-con-netroll-e-collation-stretch\\\/\"]}]},{\"@type\":\"ImageObject\",\"inLanguage\":\"it-IT\",\"@id\":\"https:\\\/\\\/www.hipac.com\\\/it\\\/2024\\\/10\\\/iberhipac-s-a-gold-sponsor-della-fiera-empack-con-netroll-e-collation-stretch\\\/#primaryimage\",\"url\":\"https:\\\/\\\/www.hipac.com\\\/wp-content\\\/uploads\\\/2024\\\/10\\\/invito-fiera-1024x536.png\",\"contentUrl\":\"https:\\\/\\\/www.hipac.com\\\/wp-content\\\/uploads\\\/2024\\\/10\\\/invito-fiera-1024x536.png\"},{\"@type\":\"WebSite\",\"@id\":\"https:\\\/\\\/www.hipac.com\\\/it\\\/#website\",\"url\":\"https:\\\/\\\/www.hipac.com\\\/it\\\/\",\"name\":\"Hipac Group\",\"description\":\"\",\"potentialAction\":[{\"@type\":\"SearchAction\",\"target\":{\"@type\":\"EntryPoint\",\"urlTemplate\":\"https:\\\/\\\/www.hipac.com\\\/it\\\/?s={search_term_string}\"},\"query-input\":{\"@type\":\"PropertyValueSpecification\",\"valueRequired\":true,\"valueName\":\"search_term_string\"}}],\"inLanguage\":\"it-IT\"},{\"@type\":\"Person\",\"@id\":\"https:\\\/\\\/www.hipac.com\\\/it\\\/#\\\/schema\\\/person\\\/6389bbd23c942e749577d7c5bd544a11\",\"name\":\"Alessandro Belotti\",\"image\":{\"@type\":\"ImageObject\",\"inLanguage\":\"it-IT\",\"@id\":\"https:\\\/\\\/secure.gravatar.com\\\/avatar\\\/dc3eadb75ce8ffa0ecac96a00c5edeab015b49c1b72c59fe1652b01ecfbd4aee?s=96&d=mm&r=g\",\"url\":\"https:\\\/\\\/secure.gravatar.com\\\/avatar\\\/dc3eadb75ce8ffa0ecac96a00c5edeab015b49c1b72c59fe1652b01ecfbd4aee?s=96&d=mm&r=g\",\"contentUrl\":\"https:\\\/\\\/secure.gravatar.com\\\/avatar\\\/dc3eadb75ce8ffa0ecac96a00c5edeab015b49c1b72c59fe1652b01ecfbd4aee?s=96&d=mm&r=g\",\"caption\":\"Alessandro Belotti\"},\"url\":\"https:\\\/\\\/www.hipac.com\\\/it\\\/author\\\/alessandro-belottihipac-it\\\/\"}]}<\/script>\n<!-- \/ Yoast SEO plugin. -->","yoast_head_json":{"title":"IBERHIPAC S.A. GOLD SPONSOR DELLA FIERA EMPACK CON NETROLL E COLLATION STRETCH - Hipac Group","description":"Iberhipac S.A., societ\u00e0 spagnola del Gruppo HIPAC, parteciper\u00e0 per la prima volta alla fiera Empack (Padiglione 5, Stand 5G08), che si terr\u00e0 a Madrid il 27 e 28 novembre.","robots":{"index":"index","follow":"follow","max-snippet":"max-snippet:-1","max-image-preview":"max-image-preview:large","max-video-preview":"max-video-preview:-1"},"canonical":"https:\/\/www.hipac.com\/it\/2024\/10\/iberhipac-s-a-gold-sponsor-della-fiera-empack-con-netroll-e-collation-stretch\/","og_locale":"it_IT","og_type":"article","og_title":"IBERHIPAC S.A. GOLD SPONSOR DELLA FIERA EMPACK CON NETROLL E COLLATION STRETCH - Hipac Group","og_description":"Iberhipac S.A., societ\u00e0 spagnola del Gruppo HIPAC, parteciper\u00e0 per la prima volta alla fiera Empack (Padiglione 5, Stand 5G08), che si terr\u00e0 a Madrid il 27 e 28 novembre.","og_url":"https:\/\/www.hipac.com\/it\/2024\/10\/iberhipac-s-a-gold-sponsor-della-fiera-empack-con-netroll-e-collation-stretch\/","og_site_name":"Hipac Group","article_published_time":"2024-10-21T13:20:00+00:00","article_modified_time":"2024-10-21T15:42:45+00:00","og_image":[{"url":"https:\/\/www.hipac.com\/wp-content\/uploads\/2024\/10\/invito-fiera-1024x536.png","type":"","width":"","height":""}],"author":"Alessandro Belotti","twitter_card":"summary_large_image","twitter_misc":{"Scritto da":"Alessandro Belotti","Tempo di lettura stimato":"1 minuto"},"schema":{"@context":"https:\/\/schema.org","@graph":[{"@type":"Article","@id":"https:\/\/www.hipac.com\/it\/2024\/10\/iberhipac-s-a-gold-sponsor-della-fiera-empack-con-netroll-e-collation-stretch\/#article","isPartOf":{"@id":"https:\/\/www.hipac.com\/it\/2024\/10\/iberhipac-s-a-gold-sponsor-della-fiera-empack-con-netroll-e-collation-stretch\/"},"author":{"name":"Alessandro Belotti","@id":"https:\/\/www.hipac.com\/it\/#\/schema\/person\/6389bbd23c942e749577d7c5bd544a11"},"headline":"IBERHIPAC S.A. GOLD SPONSOR DELLA FIERA EMPACK CON NETROLL E COLLATION STRETCH","datePublished":"2024-10-21T13:20:00+00:00","dateModified":"2024-10-21T15:42:45+00:00","mainEntityOfPage":{"@id":"https:\/\/www.hipac.com\/it\/2024\/10\/iberhipac-s-a-gold-sponsor-della-fiera-empack-con-netroll-e-collation-stretch\/"},"wordCount":133,"image":{"@id":"https:\/\/www.hipac.com\/it\/2024\/10\/iberhipac-s-a-gold-sponsor-della-fiera-empack-con-netroll-e-collation-stretch\/#primaryimage"},"thumbnailUrl":"https:\/\/www.hipac.com\/wp-content\/uploads\/2024\/10\/invito-fiera-1024x536.png","keywords":["fair","NetRoll","stretchfilm"],"articleSection":["News"],"inLanguage":"it-IT"},{"@type":"WebPage","@id":"https:\/\/www.hipac.com\/it\/2024\/10\/iberhipac-s-a-gold-sponsor-della-fiera-empack-con-netroll-e-collation-stretch\/","url":"https:\/\/www.hipac.com\/it\/2024\/10\/iberhipac-s-a-gold-sponsor-della-fiera-empack-con-netroll-e-collation-stretch\/","name":"IBERHIPAC S.A. GOLD SPONSOR DELLA FIERA EMPACK CON NETROLL E COLLATION STRETCH - Hipac Group","isPartOf":{"@id":"https:\/\/www.hipac.com\/it\/#website"},"primaryImageOfPage":{"@id":"https:\/\/www.hipac.com\/it\/2024\/10\/iberhipac-s-a-gold-sponsor-della-fiera-empack-con-netroll-e-collation-stretch\/#primaryimage"},"image":{"@id":"https:\/\/www.hipac.com\/it\/2024\/10\/iberhipac-s-a-gold-sponsor-della-fiera-empack-con-netroll-e-collation-stretch\/#primaryimage"},"thumbnailUrl":"https:\/\/www.hipac.com\/wp-content\/uploads\/2024\/10\/invito-fiera-1024x536.png","datePublished":"2024-10-21T13:20:00+00:00","dateModified":"2024-10-21T15:42:45+00:00","author":{"@id":"https:\/\/www.hipac.com\/it\/#\/schema\/person\/6389bbd23c942e749577d7c5bd544a11"},"description":"Iberhipac S.A., societ\u00e0 spagnola del Gruppo HIPAC, parteciper\u00e0 per la prima volta alla fiera Empack (Padiglione 5, Stand 5G08), che si terr\u00e0 a Madrid il 27 e 28 novembre.","inLanguage":"it-IT","potentialAction":[{"@type":"ReadAction","target":["https:\/\/www.hipac.com\/it\/2024\/10\/iberhipac-s-a-gold-sponsor-della-fiera-empack-con-netroll-e-collation-stretch\/"]}]},{"@type":"ImageObject","inLanguage":"it-IT","@id":"https:\/\/www.hipac.com\/it\/2024\/10\/iberhipac-s-a-gold-sponsor-della-fiera-empack-con-netroll-e-collation-stretch\/#primaryimage","url":"https:\/\/www.hipac.com\/wp-content\/uploads\/2024\/10\/invito-fiera-1024x536.png","contentUrl":"https:\/\/www.hipac.com\/wp-content\/uploads\/2024\/10\/invito-fiera-1024x536.png"},{"@type":"WebSite","@id":"https:\/\/www.hipac.com\/it\/#website","url":"https:\/\/www.hipac.com\/it\/","name":"Hipac Group","description":"","potentialAction":[{"@type":"SearchAction","target":{"@type":"EntryPoint","urlTemplate":"https:\/\/www.hipac.com\/it\/?s={search_term_string}"},"query-input":{"@type":"PropertyValueSpecification","valueRequired":true,"valueName":"search_term_string"}}],"inLanguage":"it-IT"},{"@type":"Person","@id":"https:\/\/www.hipac.com\/it\/#\/schema\/person\/6389bbd23c942e749577d7c5bd544a11","name":"Alessandro Belotti","image":{"@type":"ImageObject","inLanguage":"it-IT","@id":"https:\/\/secure.gravatar.com\/avatar\/dc3eadb75ce8ffa0ecac96a00c5edeab015b49c1b72c59fe1652b01ecfbd4aee?s=96&d=mm&r=g","url":"https:\/\/secure.gravatar.com\/avatar\/dc3eadb75ce8ffa0ecac96a00c5edeab015b49c1b72c59fe1652b01ecfbd4aee?s=96&d=mm&r=g","contentUrl":"https:\/\/secure.gravatar.com\/avatar\/dc3eadb75ce8ffa0ecac96a00c5edeab015b49c1b72c59fe1652b01ecfbd4aee?s=96&d=mm&r=g","caption":"Alessandro Belotti"},"url":"https:\/\/www.hipac.com\/it\/author\/alessandro-belottihipac-it\/"}]}},"_links":{"self":[{"href":"https:\/\/www.hipac.com\/it\/wp-json\/wp\/v2\/posts\/10601","targetHints":{"allow":["GET"]}}],"collection":[{"href":"https:\/\/www.hipac.com\/it\/wp-json\/wp\/v2\/posts"}],"about":[{"href":"https:\/\/www.hipac.com\/it\/wp-json\/wp\/v2\/types\/post"}],"author":[{"embeddable":true,"href":"https:\/\/www.hipac.com\/it\/wp-json\/wp\/v2\/users\/7"}],"replies":[{"embeddable":true,"href":"https:\/\/www.hipac.com\/it\/wp-json\/wp\/v2\/comments?post=10601"}],"version-history":[{"count":1,"href":"https:\/\/www.hipac.com\/it\/wp-json\/wp\/v2\/posts\/10601\/revisions"}],"predecessor-version":[{"id":10602,"href":"https:\/\/www.hipac.com\/it\/wp-json\/wp\/v2\/posts\/10601\/revisions\/10602"}],"wp:attachment":[{"href":"https:\/\/www.hipac.com\/it\/wp-json\/wp\/v2\/media?parent=10601"}],"wp:term":[{"taxonomy":"category","embeddable":true,"href":"https:\/\/www.hipac.com\/it\/wp-json\/wp\/v2\/categories?post=10601"},{"taxonomy":"post_tag","embeddable":true,"href":"https:\/\/www.hipac.com\/it\/wp-json\/wp\/v2\/tags?post=10601"}],"curies":[{"name":"wp","href":"https:\/\/api.w.org\/{rel}","templated":true}]}}