{"id":13151,"date":"2026-03-25T10:33:08","date_gmt":"2026-03-25T09:33:08","guid":{"rendered":"https:\/\/www.hipac.com\/2026\/03\/hipac-a-interpack-2026\/"},"modified":"2026-03-25T12:12:35","modified_gmt":"2026-03-25T11:12:35","slug":"hipac-a-interpack-2026","status":"publish","type":"post","link":"https:\/\/www.hipac.com\/fr\/2026\/03\/hipac-a-interpack-2026\/","title":{"rendered":"HIPAC \u00c0 INTERPACK 2026"},"content":{"rendered":"\n<figure class=\"wp-block-image size-large\"><img loading=\"lazy\" decoding=\"async\" width=\"1024\" height=\"576\" src=\"https:\/\/www.hipac.com\/wp-content\/uploads\/2026\/03\/2026.03.18-Grafica-Interpack-versione-1-1024x576.jpg\" alt=\"HIPAC &#xC0; INTERPACK 2026\" class=\"wp-image-13117\" srcset=\"https:\/\/www.hipac.com\/wp-content\/uploads\/2026\/03\/2026.03.18-Grafica-Interpack-versione-1-1024x576.jpg 1024w, https:\/\/www.hipac.com\/wp-content\/uploads\/2026\/03\/2026.03.18-Grafica-Interpack-versione-1-300x169.jpg 300w, https:\/\/www.hipac.com\/wp-content\/uploads\/2026\/03\/2026.03.18-Grafica-Interpack-versione-1-768x432.jpg 768w, https:\/\/www.hipac.com\/wp-content\/uploads\/2026\/03\/2026.03.18-Grafica-Interpack-versione-1-1536x864.jpg 1536w, https:\/\/www.hipac.com\/wp-content\/uploads\/2026\/03\/2026.03.18-Grafica-Interpack-versione-1.jpg 1920w\" sizes=\"auto, (max-width: 1024px) 100vw, 1024px\" \/><\/figure>\n\n<p>Sur le <strong>stand HIPAC (Hall 10, Stand D19)<\/strong>, les visiteurs pourront d\u00e9couvrir le parcours de d\u00e9veloppement \u00e0 long terme du Groupe, avec un focus constant sur l<strong>\u2019innovation technologique, l\u2019ergonomie <\/strong>et l<strong>a r\u00e9duction de l\u2019impact environnemental.<\/strong><\/p>\n\n<p><strong>Parmi les principales nouveaut\u00e9s qui seront pr\u00e9sent\u00e9es \u00e0 <a href=\"https:\/\/www.interpack.com\/\">Interpack<\/a> figurent:<\/strong><\/p>\n\n<p><strong>\u2022 NETROLL\u00ae \u2013 Le film \u00e9tirable sans mandrin en carton<\/strong><br\/>Les bobines<strong> 100% film \u00e9tirable<\/strong>, sans mandrin en carton, pour utilisation manuelle et automatique. Moins de d\u00e9chets, plus d\u2019efficacit\u00e9.<\/p>\n\n<p><strong><a href=\"https:\/\/www.hipac.com\/fr\/produit\/agrhipac\/\">\u2022 AGRHIPAC \u2013 Le film \u00e9tirable pour l\u2019ensilage<\/a><\/strong><br\/>Le nouveau film \u00e9tirable con\u00e7u sp\u00e9cialement pour le secteur de l\u2019ensilage, d\u00e9velopp\u00e9 pour r\u00e9sister m\u00eame aux conditions les plus exigeantes.<\/p>\n\n<p><strong><a href=\"https:\/\/www.hipac.com\/fr\/produits\/categorie\/collation-stretch-fr\/\">\u2022 COLLATION STRETCH \u2013 Notre alternative aux films r\u00e9tractables<\/a><\/strong><br\/>L\u2019<strong>alternative durable<\/strong> aux films r\u00e9tractables pour le conditionnement multipack.<br\/><strong>Faible consommation d\u2019\u00e9nergie<\/strong> et r\u00e9duction des mat\u00e9riaux utilis\u00e9s. <\/p>\n\n<p><a href=\"https:\/\/www.hipac.com\/fr\/produit\/le-derouleur-hi-dea\/\"><strong>\u2022 HI.DEA \u2013 La r\u00e9volution de l\u2019emballage manuel<\/strong><\/a><br\/>Le <strong>d\u00e9rouleur ergonomique<\/strong> qui facilite les op\u00e9rations d\u2019emballage manuel et contribue \u00e0 r\u00e9duire les troubles musculosquelettiques des op\u00e9rateurs.<\/p>\n\n<h2 class=\"wp-block-heading\"><strong>Une gamme toujours plus compl\u00e8te<\/strong><\/h2>\n\n<p>Ces innovations s\u2019ajoutent \u00e0 notre gamme <strong>PREMIUM<\/strong>:<\/p>\n\n<ul class=\"wp-block-list\">\n<li>Films \u00e9tirables manuels et automatiques \u00e0 haute performance<\/li>\n\n\n\n<li>Ligne <strong>HI.GREEN<\/strong>: films contenant du plastique recycl\u00e9 post\u2011consommation ou post\u2011industriel, certifi\u00e9s <strong>Plastica Seconda Vita<\/strong> et <strong>Aenor<\/strong><\/li>\n\n\n\n<li>Solutions d\u00e9di\u00e9es au monde du <strong>pr\u00e9\u2011\u00e9tir\u00e9 <\/strong><\/li>\n<\/ul>\n\n<h2 class=\"wp-block-heading\"><strong>Am\u00e9liorez les processus d\u2019emballage avec HIPAC<\/strong><\/h2>\n\n<p><strong>INTERPACK 2026 <\/strong>repr\u00e9sente l\u2019occasion id\u00e9ale de d\u00e9couvrir comment les technologies avanc\u00e9es de HIPAC peuvent contribuer \u00e0 rendre les processus de packaging <strong>plus efficaces, plus s\u00fbrs <\/strong>et <strong>plus durables <\/strong>dans de nombreux secteurs industriels.<\/p>\n\n<p>HIPAC sera ravie d\u2019accueillir les visiteurs sur le <strong>stand D19<\/strong>, situ\u00e9 dans le <strong>Hall 10<\/strong>.<\/p>\n","protected":false},"excerpt":{"rendered":"<p>Sur le stand HIPAC (Hall 10, Stand D19), les visiteurs pourront d\u00e9couvrir le parcours de d\u00e9veloppement \u00e0 long terme du Groupe, avec un focus constant sur l\u2019innovation technologique, l\u2019ergonomie et la r\u00e9duction de l\u2019impact environnemental. Parmi les principales nouveaut\u00e9s qui seront pr\u00e9sent\u00e9es \u00e0 Interpack figurent: \u2022 NETROLL\u00ae \u2013 Le film \u00e9tirable sans mandrin en cartonLes [&hellip;]<\/p>\n","protected":false},"author":7,"featured_media":0,"comment_status":"closed","ping_status":"closed","sticky":false,"template":"","format":"standard","meta":{"_acf_changed":false,"footnotes":""},"categories":[283],"tags":[950],"class_list":["post-13151","post","type-post","status-publish","format-standard","hentry","category-news-fr","tag-interpack"],"acf":[],"yoast_head":"<!-- This site is optimized with the Yoast SEO plugin v27.3 - https:\/\/yoast.com\/product\/yoast-seo-wordpress\/ -->\n<title>HIPAC \u00c0 INTERPACK 2026 - Hipac Group<\/title>\n<meta name=\"description\" content=\"Le groupe Hipac participera \u00e0 l&#039;\u00e9dition 2026 du plus grand salon international d\u00e9di\u00e9 au monde de l&#039;emballage.\" \/>\n<meta name=\"robots\" content=\"index, follow, max-snippet:-1, max-image-preview:large, max-video-preview:-1\" \/>\n<link rel=\"canonical\" href=\"https:\/\/www.hipac.com\/fr\/2026\/03\/hipac-a-interpack-2026\/\" \/>\n<meta property=\"og:locale\" content=\"fr_FR\" \/>\n<meta property=\"og:type\" content=\"article\" \/>\n<meta property=\"og:title\" content=\"HIPAC \u00c0 INTERPACK 2026 - Hipac Group\" \/>\n<meta property=\"og:description\" content=\"Le groupe Hipac participera \u00e0 l&#039;\u00e9dition 2026 du plus grand salon international d\u00e9di\u00e9 au monde de l&#039;emballage.\" \/>\n<meta property=\"og:url\" content=\"https:\/\/www.hipac.com\/fr\/2026\/03\/hipac-a-interpack-2026\/\" \/>\n<meta property=\"og:site_name\" content=\"Hipac Group\" \/>\n<meta property=\"article:published_time\" content=\"2026-03-25T09:33:08+00:00\" \/>\n<meta property=\"article:modified_time\" content=\"2026-03-25T11:12:35+00:00\" \/>\n<meta property=\"og:image\" content=\"https:\/\/www.hipac.com\/wp-content\/uploads\/2026\/03\/2026.03.18-Grafica-Interpack-versione-1.jpg\" \/>\n\t<meta property=\"og:image:width\" content=\"1920\" \/>\n\t<meta property=\"og:image:height\" content=\"1080\" \/>\n\t<meta property=\"og:image:type\" content=\"image\/jpeg\" \/>\n<meta name=\"author\" content=\"Alessandro Belotti\" \/>\n<meta name=\"twitter:card\" content=\"summary_large_image\" \/>\n<meta name=\"twitter:label1\" content=\"\u00c9crit par\" \/>\n\t<meta name=\"twitter:data1\" content=\"Alessandro Belotti\" \/>\n\t<meta name=\"twitter:label2\" content=\"Dur\u00e9e de lecture estim\u00e9e\" \/>\n\t<meta name=\"twitter:data2\" content=\"1 minute\" \/>\n<script type=\"application\/ld+json\" class=\"yoast-schema-graph\">{\"@context\":\"https:\\\/\\\/schema.org\",\"@graph\":[{\"@type\":\"Article\",\"@id\":\"https:\\\/\\\/www.hipac.com\\\/fr\\\/2026\\\/03\\\/hipac-a-interpack-2026\\\/#article\",\"isPartOf\":{\"@id\":\"https:\\\/\\\/www.hipac.com\\\/fr\\\/2026\\\/03\\\/hipac-a-interpack-2026\\\/\"},\"author\":{\"name\":\"Alessandro Belotti\",\"@id\":\"https:\\\/\\\/www.hipac.com\\\/fr\\\/#\\\/schema\\\/person\\\/6389bbd23c942e749577d7c5bd544a11\"},\"headline\":\"HIPAC \u00c0 INTERPACK 2026\",\"datePublished\":\"2026-03-25T09:33:08+00:00\",\"dateModified\":\"2026-03-25T11:12:35+00:00\",\"mainEntityOfPage\":{\"@id\":\"https:\\\/\\\/www.hipac.com\\\/fr\\\/2026\\\/03\\\/hipac-a-interpack-2026\\\/\"},\"wordCount\":285,\"image\":{\"@id\":\"https:\\\/\\\/www.hipac.com\\\/fr\\\/2026\\\/03\\\/hipac-a-interpack-2026\\\/#primaryimage\"},\"thumbnailUrl\":\"https:\\\/\\\/www.hipac.com\\\/wp-content\\\/uploads\\\/2026\\\/03\\\/2026.03.18-Grafica-Interpack-versione-1-1024x576.jpg\",\"keywords\":[\"interpack\"],\"articleSection\":[\"News\"],\"inLanguage\":\"fr-FR\"},{\"@type\":\"WebPage\",\"@id\":\"https:\\\/\\\/www.hipac.com\\\/fr\\\/2026\\\/03\\\/hipac-a-interpack-2026\\\/\",\"url\":\"https:\\\/\\\/www.hipac.com\\\/fr\\\/2026\\\/03\\\/hipac-a-interpack-2026\\\/\",\"name\":\"HIPAC \u00c0 INTERPACK 2026 - Hipac Group\",\"isPartOf\":{\"@id\":\"https:\\\/\\\/www.hipac.com\\\/fr\\\/#website\"},\"primaryImageOfPage\":{\"@id\":\"https:\\\/\\\/www.hipac.com\\\/fr\\\/2026\\\/03\\\/hipac-a-interpack-2026\\\/#primaryimage\"},\"image\":{\"@id\":\"https:\\\/\\\/www.hipac.com\\\/fr\\\/2026\\\/03\\\/hipac-a-interpack-2026\\\/#primaryimage\"},\"thumbnailUrl\":\"https:\\\/\\\/www.hipac.com\\\/wp-content\\\/uploads\\\/2026\\\/03\\\/2026.03.18-Grafica-Interpack-versione-1-1024x576.jpg\",\"datePublished\":\"2026-03-25T09:33:08+00:00\",\"dateModified\":\"2026-03-25T11:12:35+00:00\",\"author\":{\"@id\":\"https:\\\/\\\/www.hipac.com\\\/fr\\\/#\\\/schema\\\/person\\\/6389bbd23c942e749577d7c5bd544a11\"},\"description\":\"Le groupe Hipac participera \u00e0 l'\u00e9dition 2026 du plus grand salon international d\u00e9di\u00e9 au monde de l'emballage.\",\"inLanguage\":\"fr-FR\",\"potentialAction\":[{\"@type\":\"ReadAction\",\"target\":[\"https:\\\/\\\/www.hipac.com\\\/fr\\\/2026\\\/03\\\/hipac-a-interpack-2026\\\/\"]}]},{\"@type\":\"ImageObject\",\"inLanguage\":\"fr-FR\",\"@id\":\"https:\\\/\\\/www.hipac.com\\\/fr\\\/2026\\\/03\\\/hipac-a-interpack-2026\\\/#primaryimage\",\"url\":\"https:\\\/\\\/www.hipac.com\\\/wp-content\\\/uploads\\\/2026\\\/03\\\/2026.03.18-Grafica-Interpack-versione-1-1024x576.jpg\",\"contentUrl\":\"https:\\\/\\\/www.hipac.com\\\/wp-content\\\/uploads\\\/2026\\\/03\\\/2026.03.18-Grafica-Interpack-versione-1-1024x576.jpg\"},{\"@type\":\"WebSite\",\"@id\":\"https:\\\/\\\/www.hipac.com\\\/fr\\\/#website\",\"url\":\"https:\\\/\\\/www.hipac.com\\\/fr\\\/\",\"name\":\"Hipac Group\",\"description\":\"\",\"potentialAction\":[{\"@type\":\"SearchAction\",\"target\":{\"@type\":\"EntryPoint\",\"urlTemplate\":\"https:\\\/\\\/www.hipac.com\\\/fr\\\/?s={search_term_string}\"},\"query-input\":{\"@type\":\"PropertyValueSpecification\",\"valueRequired\":true,\"valueName\":\"search_term_string\"}}],\"inLanguage\":\"fr-FR\"},{\"@type\":\"Person\",\"@id\":\"https:\\\/\\\/www.hipac.com\\\/fr\\\/#\\\/schema\\\/person\\\/6389bbd23c942e749577d7c5bd544a11\",\"name\":\"Alessandro Belotti\",\"image\":{\"@type\":\"ImageObject\",\"inLanguage\":\"fr-FR\",\"@id\":\"https:\\\/\\\/secure.gravatar.com\\\/avatar\\\/dc3eadb75ce8ffa0ecac96a00c5edeab015b49c1b72c59fe1652b01ecfbd4aee?s=96&d=mm&r=g\",\"url\":\"https:\\\/\\\/secure.gravatar.com\\\/avatar\\\/dc3eadb75ce8ffa0ecac96a00c5edeab015b49c1b72c59fe1652b01ecfbd4aee?s=96&d=mm&r=g\",\"contentUrl\":\"https:\\\/\\\/secure.gravatar.com\\\/avatar\\\/dc3eadb75ce8ffa0ecac96a00c5edeab015b49c1b72c59fe1652b01ecfbd4aee?s=96&d=mm&r=g\",\"caption\":\"Alessandro Belotti\"},\"url\":\"https:\\\/\\\/www.hipac.com\\\/fr\\\/author\\\/alessandro-belottihipac-it\\\/\"}]}<\/script>\n<!-- \/ Yoast SEO plugin. -->","yoast_head_json":{"title":"HIPAC \u00c0 INTERPACK 2026 - Hipac Group","description":"Le groupe Hipac participera \u00e0 l'\u00e9dition 2026 du plus grand salon international d\u00e9di\u00e9 au monde de l'emballage.","robots":{"index":"index","follow":"follow","max-snippet":"max-snippet:-1","max-image-preview":"max-image-preview:large","max-video-preview":"max-video-preview:-1"},"canonical":"https:\/\/www.hipac.com\/fr\/2026\/03\/hipac-a-interpack-2026\/","og_locale":"fr_FR","og_type":"article","og_title":"HIPAC \u00c0 INTERPACK 2026 - Hipac Group","og_description":"Le groupe Hipac participera \u00e0 l'\u00e9dition 2026 du plus grand salon international d\u00e9di\u00e9 au monde de l'emballage.","og_url":"https:\/\/www.hipac.com\/fr\/2026\/03\/hipac-a-interpack-2026\/","og_site_name":"Hipac Group","article_published_time":"2026-03-25T09:33:08+00:00","article_modified_time":"2026-03-25T11:12:35+00:00","og_image":[{"width":1920,"height":1080,"url":"https:\/\/www.hipac.com\/wp-content\/uploads\/2026\/03\/2026.03.18-Grafica-Interpack-versione-1.jpg","type":"image\/jpeg"}],"author":"Alessandro Belotti","twitter_card":"summary_large_image","twitter_misc":{"\u00c9crit par":"Alessandro Belotti","Dur\u00e9e de lecture estim\u00e9e":"1 minute"},"schema":{"@context":"https:\/\/schema.org","@graph":[{"@type":"Article","@id":"https:\/\/www.hipac.com\/fr\/2026\/03\/hipac-a-interpack-2026\/#article","isPartOf":{"@id":"https:\/\/www.hipac.com\/fr\/2026\/03\/hipac-a-interpack-2026\/"},"author":{"name":"Alessandro Belotti","@id":"https:\/\/www.hipac.com\/fr\/#\/schema\/person\/6389bbd23c942e749577d7c5bd544a11"},"headline":"HIPAC \u00c0 INTERPACK 2026","datePublished":"2026-03-25T09:33:08+00:00","dateModified":"2026-03-25T11:12:35+00:00","mainEntityOfPage":{"@id":"https:\/\/www.hipac.com\/fr\/2026\/03\/hipac-a-interpack-2026\/"},"wordCount":285,"image":{"@id":"https:\/\/www.hipac.com\/fr\/2026\/03\/hipac-a-interpack-2026\/#primaryimage"},"thumbnailUrl":"https:\/\/www.hipac.com\/wp-content\/uploads\/2026\/03\/2026.03.18-Grafica-Interpack-versione-1-1024x576.jpg","keywords":["interpack"],"articleSection":["News"],"inLanguage":"fr-FR"},{"@type":"WebPage","@id":"https:\/\/www.hipac.com\/fr\/2026\/03\/hipac-a-interpack-2026\/","url":"https:\/\/www.hipac.com\/fr\/2026\/03\/hipac-a-interpack-2026\/","name":"HIPAC \u00c0 INTERPACK 2026 - Hipac Group","isPartOf":{"@id":"https:\/\/www.hipac.com\/fr\/#website"},"primaryImageOfPage":{"@id":"https:\/\/www.hipac.com\/fr\/2026\/03\/hipac-a-interpack-2026\/#primaryimage"},"image":{"@id":"https:\/\/www.hipac.com\/fr\/2026\/03\/hipac-a-interpack-2026\/#primaryimage"},"thumbnailUrl":"https:\/\/www.hipac.com\/wp-content\/uploads\/2026\/03\/2026.03.18-Grafica-Interpack-versione-1-1024x576.jpg","datePublished":"2026-03-25T09:33:08+00:00","dateModified":"2026-03-25T11:12:35+00:00","author":{"@id":"https:\/\/www.hipac.com\/fr\/#\/schema\/person\/6389bbd23c942e749577d7c5bd544a11"},"description":"Le groupe Hipac participera \u00e0 l'\u00e9dition 2026 du plus grand salon international d\u00e9di\u00e9 au monde de l'emballage.","inLanguage":"fr-FR","potentialAction":[{"@type":"ReadAction","target":["https:\/\/www.hipac.com\/fr\/2026\/03\/hipac-a-interpack-2026\/"]}]},{"@type":"ImageObject","inLanguage":"fr-FR","@id":"https:\/\/www.hipac.com\/fr\/2026\/03\/hipac-a-interpack-2026\/#primaryimage","url":"https:\/\/www.hipac.com\/wp-content\/uploads\/2026\/03\/2026.03.18-Grafica-Interpack-versione-1-1024x576.jpg","contentUrl":"https:\/\/www.hipac.com\/wp-content\/uploads\/2026\/03\/2026.03.18-Grafica-Interpack-versione-1-1024x576.jpg"},{"@type":"WebSite","@id":"https:\/\/www.hipac.com\/fr\/#website","url":"https:\/\/www.hipac.com\/fr\/","name":"Hipac Group","description":"","potentialAction":[{"@type":"SearchAction","target":{"@type":"EntryPoint","urlTemplate":"https:\/\/www.hipac.com\/fr\/?s={search_term_string}"},"query-input":{"@type":"PropertyValueSpecification","valueRequired":true,"valueName":"search_term_string"}}],"inLanguage":"fr-FR"},{"@type":"Person","@id":"https:\/\/www.hipac.com\/fr\/#\/schema\/person\/6389bbd23c942e749577d7c5bd544a11","name":"Alessandro Belotti","image":{"@type":"ImageObject","inLanguage":"fr-FR","@id":"https:\/\/secure.gravatar.com\/avatar\/dc3eadb75ce8ffa0ecac96a00c5edeab015b49c1b72c59fe1652b01ecfbd4aee?s=96&d=mm&r=g","url":"https:\/\/secure.gravatar.com\/avatar\/dc3eadb75ce8ffa0ecac96a00c5edeab015b49c1b72c59fe1652b01ecfbd4aee?s=96&d=mm&r=g","contentUrl":"https:\/\/secure.gravatar.com\/avatar\/dc3eadb75ce8ffa0ecac96a00c5edeab015b49c1b72c59fe1652b01ecfbd4aee?s=96&d=mm&r=g","caption":"Alessandro Belotti"},"url":"https:\/\/www.hipac.com\/fr\/author\/alessandro-belottihipac-it\/"}]}},"_links":{"self":[{"href":"https:\/\/www.hipac.com\/fr\/wp-json\/wp\/v2\/posts\/13151","targetHints":{"allow":["GET"]}}],"collection":[{"href":"https:\/\/www.hipac.com\/fr\/wp-json\/wp\/v2\/posts"}],"about":[{"href":"https:\/\/www.hipac.com\/fr\/wp-json\/wp\/v2\/types\/post"}],"author":[{"embeddable":true,"href":"https:\/\/www.hipac.com\/fr\/wp-json\/wp\/v2\/users\/7"}],"replies":[{"embeddable":true,"href":"https:\/\/www.hipac.com\/fr\/wp-json\/wp\/v2\/comments?post=13151"}],"version-history":[{"count":3,"href":"https:\/\/www.hipac.com\/fr\/wp-json\/wp\/v2\/posts\/13151\/revisions"}],"predecessor-version":[{"id":13154,"href":"https:\/\/www.hipac.com\/fr\/wp-json\/wp\/v2\/posts\/13151\/revisions\/13154"}],"wp:attachment":[{"href":"https:\/\/www.hipac.com\/fr\/wp-json\/wp\/v2\/media?parent=13151"}],"wp:term":[{"taxonomy":"category","embeddable":true,"href":"https:\/\/www.hipac.com\/fr\/wp-json\/wp\/v2\/categories?post=13151"},{"taxonomy":"post_tag","embeddable":true,"href":"https:\/\/www.hipac.com\/fr\/wp-json\/wp\/v2\/tags?post=13151"}],"curies":[{"name":"wp","href":"https:\/\/api.w.org\/{rel}","templated":true}]}}