{"id":11944,"date":"2025-10-03T14:33:32","date_gmt":"2025-10-03T12:33:32","guid":{"rendered":"https:\/\/www.hipac.com\/2025\/10\/hipac-a-recu-le-label-vert-prs-2025\/"},"modified":"2025-10-03T14:52:35","modified_gmt":"2025-10-03T12:52:35","slug":"hipac-a-recu-le-label-vert-prs-2025","status":"publish","type":"post","link":"https:\/\/www.hipac.com\/fr\/2025\/10\/hipac-a-recu-le-label-vert-prs-2025\/","title":{"rendered":"HIPAC A RE\u00c7U LE LABEL VERT PRS 2025"},"content":{"rendered":"\n<figure class=\"wp-block-image size-large\"><img loading=\"lazy\" decoding=\"async\" width=\"1024\" height=\"635\" src=\"https:\/\/www.hipac.com\/wp-content\/uploads\/2025\/10\/Grafica-1024x635.jpg\" alt=\"Le label vert PRS\" class=\"wp-image-11933\" srcset=\"https:\/\/www.hipac.com\/wp-content\/uploads\/2025\/10\/Grafica-1024x635.jpg 1024w, https:\/\/www.hipac.com\/wp-content\/uploads\/2025\/10\/Grafica-300x186.jpg 300w, https:\/\/www.hipac.com\/wp-content\/uploads\/2025\/10\/Grafica-768x476.jpg 768w, https:\/\/www.hipac.com\/wp-content\/uploads\/2025\/10\/Grafica.jpg 1223w\" sizes=\"auto, (max-width: 1024px) 100vw, 1024px\" \/><\/figure>\n\n<p>Cette ann\u00e9e encore, <strong>HIPAC<\/strong> a obtenu le label vert <strong>PRS<\/strong>.<\/p>\n\n<p>Le <strong>label vert PRS<\/strong> r\u00e9compense toutes les entreprises qui contribuent activement au <a href=\"https:\/\/www.prs-pooling.com\/en\/sustainability\/green-label\/#:~:text=For%20more%20than%2030%20years%2C%20PRS%20has%20been,model%2C%20we%20have%20created%20the%20PRS%20Green%20Label.\">processus de r\u00e9utilisation des palettes<\/a> : gr\u00e2ce \u00e0 un taux de r\u00e9cup\u00e9ration des palettes sup\u00e9rieur \u00e0 65%, HIPAC contribue \u00e0 sauver des centaines d&rsquo;arbres, en obtenant la plus haute distinction (3 \u00e9toiles).<\/p>\n\n<p>Une nouvelle \u00e9tape importante dans la d\u00e9marche de <strong>durabilit\u00e9<\/strong> men\u00e9e par notre entreprise.<\/p>\n\n<p>Cliquez ici pour en savoir plus sur l\u2019engagement de HIPAC en faveur de la <a href=\"https:\/\/www.hipac.com\/fr\/durabilite\/\">durabilit\u00e9<\/a><\/p>\n","protected":false},"excerpt":{"rendered":"<p>Cette ann\u00e9e encore, HIPAC a obtenu le label vert PRS. Le label vert PRS r\u00e9compense toutes les entreprises qui contribuent activement au processus de r\u00e9utilisation des palettes : gr\u00e2ce \u00e0 un taux de r\u00e9cup\u00e9ration des palettes sup\u00e9rieur \u00e0 65%, HIPAC contribue \u00e0 sauver des centaines d&rsquo;arbres, en obtenant la plus haute distinction (3 \u00e9toiles). Une [&hellip;]<\/p>\n","protected":false},"author":7,"featured_media":0,"comment_status":"closed","ping_status":"closed","sticky":false,"template":"","format":"standard","meta":{"_acf_changed":false,"footnotes":""},"categories":[283],"tags":[788,800,888,887],"class_list":["post-11944","post","type-post","status-publish","format-standard","hentry","category-news-fr","tag-film-etirable","tag-greeneconomy-fr","tag-pallet","tag-prs-green-label"],"acf":[],"yoast_head":"<!-- This site is optimized with the Yoast SEO plugin v27.3 - https:\/\/yoast.com\/product\/yoast-seo-wordpress\/ -->\n<title>HIPAC A RE\u00c7U LE LABEL VERT PRS 2025 - Hipac Group<\/title>\n<meta name=\"description\" content=\"HIPAC a obtenu le label vert PRS Green Label, r\u00e9compense toutes les entreprises qui contribuent activement au processus de r\u00e9utilisation des palettes.\" \/>\n<meta name=\"robots\" content=\"index, follow, max-snippet:-1, max-image-preview:large, max-video-preview:-1\" \/>\n<link rel=\"canonical\" href=\"https:\/\/www.hipac.com\/fr\/2025\/10\/hipac-a-recu-le-label-vert-prs-2025\/\" \/>\n<meta property=\"og:locale\" content=\"fr_FR\" \/>\n<meta property=\"og:type\" content=\"article\" \/>\n<meta property=\"og:title\" content=\"HIPAC A RE\u00c7U LE LABEL VERT PRS 2025 - Hipac Group\" \/>\n<meta property=\"og:description\" content=\"HIPAC a obtenu le label vert PRS Green Label, r\u00e9compense toutes les entreprises qui contribuent activement au processus de r\u00e9utilisation des palettes.\" \/>\n<meta property=\"og:url\" content=\"https:\/\/www.hipac.com\/fr\/2025\/10\/hipac-a-recu-le-label-vert-prs-2025\/\" \/>\n<meta property=\"og:site_name\" content=\"Hipac Group\" \/>\n<meta property=\"article:published_time\" content=\"2025-10-03T12:33:32+00:00\" \/>\n<meta property=\"article:modified_time\" content=\"2025-10-03T12:52:35+00:00\" \/>\n<meta property=\"og:image\" content=\"https:\/\/www.hipac.com\/wp-content\/uploads\/2025\/10\/Grafica.jpg\" \/>\n\t<meta property=\"og:image:width\" content=\"1223\" \/>\n\t<meta property=\"og:image:height\" content=\"758\" \/>\n\t<meta property=\"og:image:type\" content=\"image\/jpeg\" \/>\n<meta name=\"author\" content=\"Alessandro Belotti\" \/>\n<meta name=\"twitter:card\" content=\"summary_large_image\" \/>\n<meta name=\"twitter:label1\" content=\"\u00c9crit par\" \/>\n\t<meta name=\"twitter:data1\" content=\"Alessandro Belotti\" \/>\n<script type=\"application\/ld+json\" class=\"yoast-schema-graph\">{\"@context\":\"https:\\\/\\\/schema.org\",\"@graph\":[{\"@type\":\"Article\",\"@id\":\"https:\\\/\\\/www.hipac.com\\\/fr\\\/2025\\\/10\\\/hipac-a-recu-le-label-vert-prs-2025\\\/#article\",\"isPartOf\":{\"@id\":\"https:\\\/\\\/www.hipac.com\\\/fr\\\/2025\\\/10\\\/hipac-a-recu-le-label-vert-prs-2025\\\/\"},\"author\":{\"name\":\"Alessandro Belotti\",\"@id\":\"https:\\\/\\\/www.hipac.com\\\/fr\\\/#\\\/schema\\\/person\\\/6389bbd23c942e749577d7c5bd544a11\"},\"headline\":\"HIPAC A RE\u00c7U LE LABEL VERT PRS 2025\",\"datePublished\":\"2025-10-03T12:33:32+00:00\",\"dateModified\":\"2025-10-03T12:52:35+00:00\",\"mainEntityOfPage\":{\"@id\":\"https:\\\/\\\/www.hipac.com\\\/fr\\\/2025\\\/10\\\/hipac-a-recu-le-label-vert-prs-2025\\\/\"},\"wordCount\":95,\"image\":{\"@id\":\"https:\\\/\\\/www.hipac.com\\\/fr\\\/2025\\\/10\\\/hipac-a-recu-le-label-vert-prs-2025\\\/#primaryimage\"},\"thumbnailUrl\":\"https:\\\/\\\/www.hipac.com\\\/wp-content\\\/uploads\\\/2025\\\/10\\\/Grafica-1024x635.jpg\",\"keywords\":[\"film \u00e9tirable\",\"greeneconomy\",\"pallet\",\"PRS Green Label\"],\"articleSection\":[\"News\"],\"inLanguage\":\"fr-FR\"},{\"@type\":\"WebPage\",\"@id\":\"https:\\\/\\\/www.hipac.com\\\/fr\\\/2025\\\/10\\\/hipac-a-recu-le-label-vert-prs-2025\\\/\",\"url\":\"https:\\\/\\\/www.hipac.com\\\/fr\\\/2025\\\/10\\\/hipac-a-recu-le-label-vert-prs-2025\\\/\",\"name\":\"HIPAC A RE\u00c7U LE LABEL VERT PRS 2025 - Hipac Group\",\"isPartOf\":{\"@id\":\"https:\\\/\\\/www.hipac.com\\\/fr\\\/#website\"},\"primaryImageOfPage\":{\"@id\":\"https:\\\/\\\/www.hipac.com\\\/fr\\\/2025\\\/10\\\/hipac-a-recu-le-label-vert-prs-2025\\\/#primaryimage\"},\"image\":{\"@id\":\"https:\\\/\\\/www.hipac.com\\\/fr\\\/2025\\\/10\\\/hipac-a-recu-le-label-vert-prs-2025\\\/#primaryimage\"},\"thumbnailUrl\":\"https:\\\/\\\/www.hipac.com\\\/wp-content\\\/uploads\\\/2025\\\/10\\\/Grafica-1024x635.jpg\",\"datePublished\":\"2025-10-03T12:33:32+00:00\",\"dateModified\":\"2025-10-03T12:52:35+00:00\",\"author\":{\"@id\":\"https:\\\/\\\/www.hipac.com\\\/fr\\\/#\\\/schema\\\/person\\\/6389bbd23c942e749577d7c5bd544a11\"},\"description\":\"HIPAC a obtenu le label vert PRS Green Label, r\u00e9compense toutes les entreprises qui contribuent activement au processus de r\u00e9utilisation des palettes.\",\"inLanguage\":\"fr-FR\",\"potentialAction\":[{\"@type\":\"ReadAction\",\"target\":[\"https:\\\/\\\/www.hipac.com\\\/fr\\\/2025\\\/10\\\/hipac-a-recu-le-label-vert-prs-2025\\\/\"]}]},{\"@type\":\"ImageObject\",\"inLanguage\":\"fr-FR\",\"@id\":\"https:\\\/\\\/www.hipac.com\\\/fr\\\/2025\\\/10\\\/hipac-a-recu-le-label-vert-prs-2025\\\/#primaryimage\",\"url\":\"https:\\\/\\\/www.hipac.com\\\/wp-content\\\/uploads\\\/2025\\\/10\\\/Grafica-1024x635.jpg\",\"contentUrl\":\"https:\\\/\\\/www.hipac.com\\\/wp-content\\\/uploads\\\/2025\\\/10\\\/Grafica-1024x635.jpg\"},{\"@type\":\"WebSite\",\"@id\":\"https:\\\/\\\/www.hipac.com\\\/fr\\\/#website\",\"url\":\"https:\\\/\\\/www.hipac.com\\\/fr\\\/\",\"name\":\"Hipac Group\",\"description\":\"\",\"potentialAction\":[{\"@type\":\"SearchAction\",\"target\":{\"@type\":\"EntryPoint\",\"urlTemplate\":\"https:\\\/\\\/www.hipac.com\\\/fr\\\/?s={search_term_string}\"},\"query-input\":{\"@type\":\"PropertyValueSpecification\",\"valueRequired\":true,\"valueName\":\"search_term_string\"}}],\"inLanguage\":\"fr-FR\"},{\"@type\":\"Person\",\"@id\":\"https:\\\/\\\/www.hipac.com\\\/fr\\\/#\\\/schema\\\/person\\\/6389bbd23c942e749577d7c5bd544a11\",\"name\":\"Alessandro Belotti\",\"image\":{\"@type\":\"ImageObject\",\"inLanguage\":\"fr-FR\",\"@id\":\"https:\\\/\\\/secure.gravatar.com\\\/avatar\\\/dc3eadb75ce8ffa0ecac96a00c5edeab015b49c1b72c59fe1652b01ecfbd4aee?s=96&d=mm&r=g\",\"url\":\"https:\\\/\\\/secure.gravatar.com\\\/avatar\\\/dc3eadb75ce8ffa0ecac96a00c5edeab015b49c1b72c59fe1652b01ecfbd4aee?s=96&d=mm&r=g\",\"contentUrl\":\"https:\\\/\\\/secure.gravatar.com\\\/avatar\\\/dc3eadb75ce8ffa0ecac96a00c5edeab015b49c1b72c59fe1652b01ecfbd4aee?s=96&d=mm&r=g\",\"caption\":\"Alessandro Belotti\"},\"url\":\"https:\\\/\\\/www.hipac.com\\\/fr\\\/author\\\/alessandro-belottihipac-it\\\/\"}]}<\/script>\n<!-- \/ Yoast SEO plugin. -->","yoast_head_json":{"title":"HIPAC A RE\u00c7U LE LABEL VERT PRS 2025 - Hipac Group","description":"HIPAC a obtenu le label vert PRS Green Label, r\u00e9compense toutes les entreprises qui contribuent activement au processus de r\u00e9utilisation des palettes.","robots":{"index":"index","follow":"follow","max-snippet":"max-snippet:-1","max-image-preview":"max-image-preview:large","max-video-preview":"max-video-preview:-1"},"canonical":"https:\/\/www.hipac.com\/fr\/2025\/10\/hipac-a-recu-le-label-vert-prs-2025\/","og_locale":"fr_FR","og_type":"article","og_title":"HIPAC A RE\u00c7U LE LABEL VERT PRS 2025 - Hipac Group","og_description":"HIPAC a obtenu le label vert PRS Green Label, r\u00e9compense toutes les entreprises qui contribuent activement au processus de r\u00e9utilisation des palettes.","og_url":"https:\/\/www.hipac.com\/fr\/2025\/10\/hipac-a-recu-le-label-vert-prs-2025\/","og_site_name":"Hipac Group","article_published_time":"2025-10-03T12:33:32+00:00","article_modified_time":"2025-10-03T12:52:35+00:00","og_image":[{"width":1223,"height":758,"url":"https:\/\/www.hipac.com\/wp-content\/uploads\/2025\/10\/Grafica.jpg","type":"image\/jpeg"}],"author":"Alessandro Belotti","twitter_card":"summary_large_image","twitter_misc":{"\u00c9crit par":"Alessandro Belotti"},"schema":{"@context":"https:\/\/schema.org","@graph":[{"@type":"Article","@id":"https:\/\/www.hipac.com\/fr\/2025\/10\/hipac-a-recu-le-label-vert-prs-2025\/#article","isPartOf":{"@id":"https:\/\/www.hipac.com\/fr\/2025\/10\/hipac-a-recu-le-label-vert-prs-2025\/"},"author":{"name":"Alessandro Belotti","@id":"https:\/\/www.hipac.com\/fr\/#\/schema\/person\/6389bbd23c942e749577d7c5bd544a11"},"headline":"HIPAC A RE\u00c7U LE LABEL VERT PRS 2025","datePublished":"2025-10-03T12:33:32+00:00","dateModified":"2025-10-03T12:52:35+00:00","mainEntityOfPage":{"@id":"https:\/\/www.hipac.com\/fr\/2025\/10\/hipac-a-recu-le-label-vert-prs-2025\/"},"wordCount":95,"image":{"@id":"https:\/\/www.hipac.com\/fr\/2025\/10\/hipac-a-recu-le-label-vert-prs-2025\/#primaryimage"},"thumbnailUrl":"https:\/\/www.hipac.com\/wp-content\/uploads\/2025\/10\/Grafica-1024x635.jpg","keywords":["film \u00e9tirable","greeneconomy","pallet","PRS Green Label"],"articleSection":["News"],"inLanguage":"fr-FR"},{"@type":"WebPage","@id":"https:\/\/www.hipac.com\/fr\/2025\/10\/hipac-a-recu-le-label-vert-prs-2025\/","url":"https:\/\/www.hipac.com\/fr\/2025\/10\/hipac-a-recu-le-label-vert-prs-2025\/","name":"HIPAC A RE\u00c7U LE LABEL VERT PRS 2025 - Hipac Group","isPartOf":{"@id":"https:\/\/www.hipac.com\/fr\/#website"},"primaryImageOfPage":{"@id":"https:\/\/www.hipac.com\/fr\/2025\/10\/hipac-a-recu-le-label-vert-prs-2025\/#primaryimage"},"image":{"@id":"https:\/\/www.hipac.com\/fr\/2025\/10\/hipac-a-recu-le-label-vert-prs-2025\/#primaryimage"},"thumbnailUrl":"https:\/\/www.hipac.com\/wp-content\/uploads\/2025\/10\/Grafica-1024x635.jpg","datePublished":"2025-10-03T12:33:32+00:00","dateModified":"2025-10-03T12:52:35+00:00","author":{"@id":"https:\/\/www.hipac.com\/fr\/#\/schema\/person\/6389bbd23c942e749577d7c5bd544a11"},"description":"HIPAC a obtenu le label vert PRS Green Label, r\u00e9compense toutes les entreprises qui contribuent activement au processus de r\u00e9utilisation des palettes.","inLanguage":"fr-FR","potentialAction":[{"@type":"ReadAction","target":["https:\/\/www.hipac.com\/fr\/2025\/10\/hipac-a-recu-le-label-vert-prs-2025\/"]}]},{"@type":"ImageObject","inLanguage":"fr-FR","@id":"https:\/\/www.hipac.com\/fr\/2025\/10\/hipac-a-recu-le-label-vert-prs-2025\/#primaryimage","url":"https:\/\/www.hipac.com\/wp-content\/uploads\/2025\/10\/Grafica-1024x635.jpg","contentUrl":"https:\/\/www.hipac.com\/wp-content\/uploads\/2025\/10\/Grafica-1024x635.jpg"},{"@type":"WebSite","@id":"https:\/\/www.hipac.com\/fr\/#website","url":"https:\/\/www.hipac.com\/fr\/","name":"Hipac Group","description":"","potentialAction":[{"@type":"SearchAction","target":{"@type":"EntryPoint","urlTemplate":"https:\/\/www.hipac.com\/fr\/?s={search_term_string}"},"query-input":{"@type":"PropertyValueSpecification","valueRequired":true,"valueName":"search_term_string"}}],"inLanguage":"fr-FR"},{"@type":"Person","@id":"https:\/\/www.hipac.com\/fr\/#\/schema\/person\/6389bbd23c942e749577d7c5bd544a11","name":"Alessandro Belotti","image":{"@type":"ImageObject","inLanguage":"fr-FR","@id":"https:\/\/secure.gravatar.com\/avatar\/dc3eadb75ce8ffa0ecac96a00c5edeab015b49c1b72c59fe1652b01ecfbd4aee?s=96&d=mm&r=g","url":"https:\/\/secure.gravatar.com\/avatar\/dc3eadb75ce8ffa0ecac96a00c5edeab015b49c1b72c59fe1652b01ecfbd4aee?s=96&d=mm&r=g","contentUrl":"https:\/\/secure.gravatar.com\/avatar\/dc3eadb75ce8ffa0ecac96a00c5edeab015b49c1b72c59fe1652b01ecfbd4aee?s=96&d=mm&r=g","caption":"Alessandro Belotti"},"url":"https:\/\/www.hipac.com\/fr\/author\/alessandro-belottihipac-it\/"}]}},"_links":{"self":[{"href":"https:\/\/www.hipac.com\/fr\/wp-json\/wp\/v2\/posts\/11944","targetHints":{"allow":["GET"]}}],"collection":[{"href":"https:\/\/www.hipac.com\/fr\/wp-json\/wp\/v2\/posts"}],"about":[{"href":"https:\/\/www.hipac.com\/fr\/wp-json\/wp\/v2\/types\/post"}],"author":[{"embeddable":true,"href":"https:\/\/www.hipac.com\/fr\/wp-json\/wp\/v2\/users\/7"}],"replies":[{"embeddable":true,"href":"https:\/\/www.hipac.com\/fr\/wp-json\/wp\/v2\/comments?post=11944"}],"version-history":[{"count":1,"href":"https:\/\/www.hipac.com\/fr\/wp-json\/wp\/v2\/posts\/11944\/revisions"}],"predecessor-version":[{"id":11945,"href":"https:\/\/www.hipac.com\/fr\/wp-json\/wp\/v2\/posts\/11944\/revisions\/11945"}],"wp:attachment":[{"href":"https:\/\/www.hipac.com\/fr\/wp-json\/wp\/v2\/media?parent=11944"}],"wp:term":[{"taxonomy":"category","embeddable":true,"href":"https:\/\/www.hipac.com\/fr\/wp-json\/wp\/v2\/categories?post=11944"},{"taxonomy":"post_tag","embeddable":true,"href":"https:\/\/www.hipac.com\/fr\/wp-json\/wp\/v2\/tags?post=11944"}],"curies":[{"name":"wp","href":"https:\/\/api.w.org\/{rel}","templated":true}]}}