{"id":10093,"date":"2024-03-26T10:29:23","date_gmt":"2024-03-26T09:29:23","guid":{"rendered":"https:\/\/www.hipac.com\/?p=10093"},"modified":"2024-03-29T16:30:50","modified_gmt":"2024-03-29T15:30:50","slug":"hipac-souhaite-rendre-hommage-a-son-fondateur-simone-giorlando","status":"publish","type":"post","link":"https:\/\/www.hipac.com\/fr\/2024\/03\/hipac-souhaite-rendre-hommage-a-son-fondateur-simone-giorlando\/","title":{"rendered":"HIPAC souhaite rendre hommage \u00e0 son fondateur Simone Giorlando"},"content":{"rendered":"\n<p><strong>HIPAC<\/strong> souhaite rendre hommage \u00e0 son fondateur, <strong>Simone Giorlando<\/strong>, qui est d\u00e9c\u00e9d\u00e9 le mercredi 20 mars \u00e0 l&rsquo;\u00e2ge de 84 ans.<\/p>\n\n<p>Un entrepreneur clairvoyant, \u00e9clair\u00e9, infatigable, rigoureux, d\u00e9vou\u00e9 \u00e0 sa famille, qui aimait son travail et qu&rsquo;il exer\u00e7ait avec honn\u00eatet\u00e9, \u00e9thique et passion. <\/p>\n\n<p>Une r\u00e9f\u00e9rence pour l&rsquo;entreprise et pour l&rsquo;ensemble de l&rsquo;industrie.<\/p>\n\n<p>Son \u00e9pouse Orestina et ses enfants Aurora, Alessandra, Daniele, Giacomo, ainsi que l&rsquo;ensemble du personnel de <strong>HIPAC<\/strong>, souhaitent honorer sa disparition en partageant avec vous l&rsquo;<a href=\"https:\/\/www.giornaledibrescia.it\/economia\/addio-a-simone-giorlando-fondatore-della-hipac-di-cazzago-m35a91te\">article<\/a> publi\u00e9 par le <strong>Giornale di Brescia<\/strong> ci-dessous<\/p>\n\n<p><\/p>\n\n<p> <\/p>\n\n<figure class=\"wp-block-image size-large\"><img loading=\"lazy\" decoding=\"async\" width=\"1024\" height=\"325\" src=\"https:\/\/www.hipac.com\/wp-content\/uploads\/2024\/03\/2023_03_22_Giornale-di-Brescia-1024x325.jpg\" alt=\"L'article du Giornale di Brescia sur la disparition de Simone Giorlando.\" class=\"wp-image-10082\" srcset=\"https:\/\/www.hipac.com\/wp-content\/uploads\/2024\/03\/2023_03_22_Giornale-di-Brescia-1024x325.jpg 1024w, https:\/\/www.hipac.com\/wp-content\/uploads\/2024\/03\/2023_03_22_Giornale-di-Brescia-300x95.jpg 300w, https:\/\/www.hipac.com\/wp-content\/uploads\/2024\/03\/2023_03_22_Giornale-di-Brescia-768x244.jpg 768w, https:\/\/www.hipac.com\/wp-content\/uploads\/2024\/03\/2023_03_22_Giornale-di-Brescia.jpg 1246w\" sizes=\"auto, (max-width: 1024px) 100vw, 1024px\" \/><\/figure>","protected":false},"excerpt":{"rendered":"<p>HIPAC souhaite rendre hommage \u00e0 son fondateur, Simone Giorlando, qui est d\u00e9c\u00e9d\u00e9 le mercredi 20 mars \u00e0 l&rsquo;\u00e2ge de 84 ans. Un entrepreneur clairvoyant, \u00e9clair\u00e9, infatigable, rigoureux, d\u00e9vou\u00e9 \u00e0 sa famille, qui aimait son travail et qu&rsquo;il exer\u00e7ait avec honn\u00eatet\u00e9, \u00e9thique et passion. Une r\u00e9f\u00e9rence pour l&rsquo;entreprise et pour l&rsquo;ensemble de l&rsquo;industrie. Son \u00e9pouse Orestina [&hellip;]<\/p>\n","protected":false},"author":7,"featured_media":0,"comment_status":"closed","ping_status":"closed","sticky":false,"template":"","format":"standard","meta":{"_acf_changed":false,"footnotes":""},"categories":[283],"tags":[],"class_list":["post-10093","post","type-post","status-publish","format-standard","hentry","category-news-fr"],"acf":[],"yoast_head":"<!-- This site is optimized with the Yoast SEO plugin v27.3 - https:\/\/yoast.com\/product\/yoast-seo-wordpress\/ -->\n<title>HIPAC souhaite rendre hommage \u00e0 son fondateur Simone Giorlando - Hipac Group<\/title>\n<meta name=\"description\" content=\"La famille et les employ\u00e9s souhaitent rendre hommage au fondateur d&#039;Hipac, Simone Giorlando, d\u00e9c\u00e9d\u00e9 \u00e0 l&#039;\u00e2ge de 84 ans.\" \/>\n<meta name=\"robots\" content=\"index, follow, max-snippet:-1, max-image-preview:large, max-video-preview:-1\" \/>\n<link rel=\"canonical\" href=\"https:\/\/www.hipac.com\/fr\/2024\/03\/hipac-souhaite-rendre-hommage-a-son-fondateur-simone-giorlando\/\" \/>\n<meta property=\"og:locale\" content=\"fr_FR\" \/>\n<meta property=\"og:type\" content=\"article\" \/>\n<meta property=\"og:title\" content=\"HIPAC souhaite rendre hommage \u00e0 son fondateur Simone Giorlando - Hipac Group\" \/>\n<meta property=\"og:description\" content=\"La famille et les employ\u00e9s souhaitent rendre hommage au fondateur d&#039;Hipac, Simone Giorlando, d\u00e9c\u00e9d\u00e9 \u00e0 l&#039;\u00e2ge de 84 ans.\" \/>\n<meta property=\"og:url\" content=\"https:\/\/www.hipac.com\/fr\/2024\/03\/hipac-souhaite-rendre-hommage-a-son-fondateur-simone-giorlando\/\" \/>\n<meta property=\"og:site_name\" content=\"Hipac Group\" \/>\n<meta property=\"article:published_time\" content=\"2024-03-26T09:29:23+00:00\" \/>\n<meta property=\"article:modified_time\" content=\"2024-03-29T15:30:50+00:00\" \/>\n<meta property=\"og:image\" content=\"https:\/\/www.hipac.com\/wp-content\/uploads\/2024\/03\/2023_03_22_Giornale-di-Brescia-1024x325.jpg\" \/>\n<meta name=\"author\" content=\"Alessandro Belotti\" \/>\n<meta name=\"twitter:card\" content=\"summary_large_image\" \/>\n<meta name=\"twitter:label1\" content=\"\u00c9crit par\" \/>\n\t<meta name=\"twitter:data1\" content=\"Alessandro Belotti\" \/>\n\t<meta name=\"twitter:label2\" content=\"Dur\u00e9e de lecture estim\u00e9e\" \/>\n\t<meta name=\"twitter:data2\" content=\"1 minute\" \/>\n<script type=\"application\/ld+json\" class=\"yoast-schema-graph\">{\"@context\":\"https:\\\/\\\/schema.org\",\"@graph\":[{\"@type\":\"Article\",\"@id\":\"https:\\\/\\\/www.hipac.com\\\/fr\\\/2024\\\/03\\\/hipac-souhaite-rendre-hommage-a-son-fondateur-simone-giorlando\\\/#article\",\"isPartOf\":{\"@id\":\"https:\\\/\\\/www.hipac.com\\\/fr\\\/2024\\\/03\\\/hipac-souhaite-rendre-hommage-a-son-fondateur-simone-giorlando\\\/\"},\"author\":{\"name\":\"Alessandro Belotti\",\"@id\":\"https:\\\/\\\/www.hipac.com\\\/fr\\\/#\\\/schema\\\/person\\\/6389bbd23c942e749577d7c5bd544a11\"},\"headline\":\"HIPAC souhaite rendre hommage \u00e0 son fondateur Simone Giorlando\",\"datePublished\":\"2024-03-26T09:29:23+00:00\",\"dateModified\":\"2024-03-29T15:30:50+00:00\",\"mainEntityOfPage\":{\"@id\":\"https:\\\/\\\/www.hipac.com\\\/fr\\\/2024\\\/03\\\/hipac-souhaite-rendre-hommage-a-son-fondateur-simone-giorlando\\\/\"},\"wordCount\":102,\"image\":{\"@id\":\"https:\\\/\\\/www.hipac.com\\\/fr\\\/2024\\\/03\\\/hipac-souhaite-rendre-hommage-a-son-fondateur-simone-giorlando\\\/#primaryimage\"},\"thumbnailUrl\":\"https:\\\/\\\/www.hipac.com\\\/wp-content\\\/uploads\\\/2024\\\/03\\\/2023_03_22_Giornale-di-Brescia-1024x325.jpg\",\"articleSection\":[\"News\"],\"inLanguage\":\"fr-FR\"},{\"@type\":\"WebPage\",\"@id\":\"https:\\\/\\\/www.hipac.com\\\/fr\\\/2024\\\/03\\\/hipac-souhaite-rendre-hommage-a-son-fondateur-simone-giorlando\\\/\",\"url\":\"https:\\\/\\\/www.hipac.com\\\/fr\\\/2024\\\/03\\\/hipac-souhaite-rendre-hommage-a-son-fondateur-simone-giorlando\\\/\",\"name\":\"HIPAC souhaite rendre hommage \u00e0 son fondateur Simone Giorlando - Hipac Group\",\"isPartOf\":{\"@id\":\"https:\\\/\\\/www.hipac.com\\\/fr\\\/#website\"},\"primaryImageOfPage\":{\"@id\":\"https:\\\/\\\/www.hipac.com\\\/fr\\\/2024\\\/03\\\/hipac-souhaite-rendre-hommage-a-son-fondateur-simone-giorlando\\\/#primaryimage\"},\"image\":{\"@id\":\"https:\\\/\\\/www.hipac.com\\\/fr\\\/2024\\\/03\\\/hipac-souhaite-rendre-hommage-a-son-fondateur-simone-giorlando\\\/#primaryimage\"},\"thumbnailUrl\":\"https:\\\/\\\/www.hipac.com\\\/wp-content\\\/uploads\\\/2024\\\/03\\\/2023_03_22_Giornale-di-Brescia-1024x325.jpg\",\"datePublished\":\"2024-03-26T09:29:23+00:00\",\"dateModified\":\"2024-03-29T15:30:50+00:00\",\"author\":{\"@id\":\"https:\\\/\\\/www.hipac.com\\\/fr\\\/#\\\/schema\\\/person\\\/6389bbd23c942e749577d7c5bd544a11\"},\"description\":\"La famille et les employ\u00e9s souhaitent rendre hommage au fondateur d'Hipac, Simone Giorlando, d\u00e9c\u00e9d\u00e9 \u00e0 l'\u00e2ge de 84 ans.\",\"inLanguage\":\"fr-FR\",\"potentialAction\":[{\"@type\":\"ReadAction\",\"target\":[\"https:\\\/\\\/www.hipac.com\\\/fr\\\/2024\\\/03\\\/hipac-souhaite-rendre-hommage-a-son-fondateur-simone-giorlando\\\/\"]}]},{\"@type\":\"ImageObject\",\"inLanguage\":\"fr-FR\",\"@id\":\"https:\\\/\\\/www.hipac.com\\\/fr\\\/2024\\\/03\\\/hipac-souhaite-rendre-hommage-a-son-fondateur-simone-giorlando\\\/#primaryimage\",\"url\":\"https:\\\/\\\/www.hipac.com\\\/wp-content\\\/uploads\\\/2024\\\/03\\\/2023_03_22_Giornale-di-Brescia-1024x325.jpg\",\"contentUrl\":\"https:\\\/\\\/www.hipac.com\\\/wp-content\\\/uploads\\\/2024\\\/03\\\/2023_03_22_Giornale-di-Brescia-1024x325.jpg\"},{\"@type\":\"WebSite\",\"@id\":\"https:\\\/\\\/www.hipac.com\\\/fr\\\/#website\",\"url\":\"https:\\\/\\\/www.hipac.com\\\/fr\\\/\",\"name\":\"Hipac Group\",\"description\":\"\",\"potentialAction\":[{\"@type\":\"SearchAction\",\"target\":{\"@type\":\"EntryPoint\",\"urlTemplate\":\"https:\\\/\\\/www.hipac.com\\\/fr\\\/?s={search_term_string}\"},\"query-input\":{\"@type\":\"PropertyValueSpecification\",\"valueRequired\":true,\"valueName\":\"search_term_string\"}}],\"inLanguage\":\"fr-FR\"},{\"@type\":\"Person\",\"@id\":\"https:\\\/\\\/www.hipac.com\\\/fr\\\/#\\\/schema\\\/person\\\/6389bbd23c942e749577d7c5bd544a11\",\"name\":\"Alessandro Belotti\",\"image\":{\"@type\":\"ImageObject\",\"inLanguage\":\"fr-FR\",\"@id\":\"https:\\\/\\\/secure.gravatar.com\\\/avatar\\\/dc3eadb75ce8ffa0ecac96a00c5edeab015b49c1b72c59fe1652b01ecfbd4aee?s=96&d=mm&r=g\",\"url\":\"https:\\\/\\\/secure.gravatar.com\\\/avatar\\\/dc3eadb75ce8ffa0ecac96a00c5edeab015b49c1b72c59fe1652b01ecfbd4aee?s=96&d=mm&r=g\",\"contentUrl\":\"https:\\\/\\\/secure.gravatar.com\\\/avatar\\\/dc3eadb75ce8ffa0ecac96a00c5edeab015b49c1b72c59fe1652b01ecfbd4aee?s=96&d=mm&r=g\",\"caption\":\"Alessandro Belotti\"},\"url\":\"https:\\\/\\\/www.hipac.com\\\/fr\\\/author\\\/alessandro-belottihipac-it\\\/\"}]}<\/script>\n<!-- \/ Yoast SEO plugin. -->","yoast_head_json":{"title":"HIPAC souhaite rendre hommage \u00e0 son fondateur Simone Giorlando - Hipac Group","description":"La famille et les employ\u00e9s souhaitent rendre hommage au fondateur d'Hipac, Simone Giorlando, d\u00e9c\u00e9d\u00e9 \u00e0 l'\u00e2ge de 84 ans.","robots":{"index":"index","follow":"follow","max-snippet":"max-snippet:-1","max-image-preview":"max-image-preview:large","max-video-preview":"max-video-preview:-1"},"canonical":"https:\/\/www.hipac.com\/fr\/2024\/03\/hipac-souhaite-rendre-hommage-a-son-fondateur-simone-giorlando\/","og_locale":"fr_FR","og_type":"article","og_title":"HIPAC souhaite rendre hommage \u00e0 son fondateur Simone Giorlando - Hipac Group","og_description":"La famille et les employ\u00e9s souhaitent rendre hommage au fondateur d'Hipac, Simone Giorlando, d\u00e9c\u00e9d\u00e9 \u00e0 l'\u00e2ge de 84 ans.","og_url":"https:\/\/www.hipac.com\/fr\/2024\/03\/hipac-souhaite-rendre-hommage-a-son-fondateur-simone-giorlando\/","og_site_name":"Hipac Group","article_published_time":"2024-03-26T09:29:23+00:00","article_modified_time":"2024-03-29T15:30:50+00:00","og_image":[{"url":"https:\/\/www.hipac.com\/wp-content\/uploads\/2024\/03\/2023_03_22_Giornale-di-Brescia-1024x325.jpg","type":"","width":"","height":""}],"author":"Alessandro Belotti","twitter_card":"summary_large_image","twitter_misc":{"\u00c9crit par":"Alessandro Belotti","Dur\u00e9e de lecture estim\u00e9e":"1 minute"},"schema":{"@context":"https:\/\/schema.org","@graph":[{"@type":"Article","@id":"https:\/\/www.hipac.com\/fr\/2024\/03\/hipac-souhaite-rendre-hommage-a-son-fondateur-simone-giorlando\/#article","isPartOf":{"@id":"https:\/\/www.hipac.com\/fr\/2024\/03\/hipac-souhaite-rendre-hommage-a-son-fondateur-simone-giorlando\/"},"author":{"name":"Alessandro Belotti","@id":"https:\/\/www.hipac.com\/fr\/#\/schema\/person\/6389bbd23c942e749577d7c5bd544a11"},"headline":"HIPAC souhaite rendre hommage \u00e0 son fondateur Simone Giorlando","datePublished":"2024-03-26T09:29:23+00:00","dateModified":"2024-03-29T15:30:50+00:00","mainEntityOfPage":{"@id":"https:\/\/www.hipac.com\/fr\/2024\/03\/hipac-souhaite-rendre-hommage-a-son-fondateur-simone-giorlando\/"},"wordCount":102,"image":{"@id":"https:\/\/www.hipac.com\/fr\/2024\/03\/hipac-souhaite-rendre-hommage-a-son-fondateur-simone-giorlando\/#primaryimage"},"thumbnailUrl":"https:\/\/www.hipac.com\/wp-content\/uploads\/2024\/03\/2023_03_22_Giornale-di-Brescia-1024x325.jpg","articleSection":["News"],"inLanguage":"fr-FR"},{"@type":"WebPage","@id":"https:\/\/www.hipac.com\/fr\/2024\/03\/hipac-souhaite-rendre-hommage-a-son-fondateur-simone-giorlando\/","url":"https:\/\/www.hipac.com\/fr\/2024\/03\/hipac-souhaite-rendre-hommage-a-son-fondateur-simone-giorlando\/","name":"HIPAC souhaite rendre hommage \u00e0 son fondateur Simone Giorlando - Hipac Group","isPartOf":{"@id":"https:\/\/www.hipac.com\/fr\/#website"},"primaryImageOfPage":{"@id":"https:\/\/www.hipac.com\/fr\/2024\/03\/hipac-souhaite-rendre-hommage-a-son-fondateur-simone-giorlando\/#primaryimage"},"image":{"@id":"https:\/\/www.hipac.com\/fr\/2024\/03\/hipac-souhaite-rendre-hommage-a-son-fondateur-simone-giorlando\/#primaryimage"},"thumbnailUrl":"https:\/\/www.hipac.com\/wp-content\/uploads\/2024\/03\/2023_03_22_Giornale-di-Brescia-1024x325.jpg","datePublished":"2024-03-26T09:29:23+00:00","dateModified":"2024-03-29T15:30:50+00:00","author":{"@id":"https:\/\/www.hipac.com\/fr\/#\/schema\/person\/6389bbd23c942e749577d7c5bd544a11"},"description":"La famille et les employ\u00e9s souhaitent rendre hommage au fondateur d'Hipac, Simone Giorlando, d\u00e9c\u00e9d\u00e9 \u00e0 l'\u00e2ge de 84 ans.","inLanguage":"fr-FR","potentialAction":[{"@type":"ReadAction","target":["https:\/\/www.hipac.com\/fr\/2024\/03\/hipac-souhaite-rendre-hommage-a-son-fondateur-simone-giorlando\/"]}]},{"@type":"ImageObject","inLanguage":"fr-FR","@id":"https:\/\/www.hipac.com\/fr\/2024\/03\/hipac-souhaite-rendre-hommage-a-son-fondateur-simone-giorlando\/#primaryimage","url":"https:\/\/www.hipac.com\/wp-content\/uploads\/2024\/03\/2023_03_22_Giornale-di-Brescia-1024x325.jpg","contentUrl":"https:\/\/www.hipac.com\/wp-content\/uploads\/2024\/03\/2023_03_22_Giornale-di-Brescia-1024x325.jpg"},{"@type":"WebSite","@id":"https:\/\/www.hipac.com\/fr\/#website","url":"https:\/\/www.hipac.com\/fr\/","name":"Hipac Group","description":"","potentialAction":[{"@type":"SearchAction","target":{"@type":"EntryPoint","urlTemplate":"https:\/\/www.hipac.com\/fr\/?s={search_term_string}"},"query-input":{"@type":"PropertyValueSpecification","valueRequired":true,"valueName":"search_term_string"}}],"inLanguage":"fr-FR"},{"@type":"Person","@id":"https:\/\/www.hipac.com\/fr\/#\/schema\/person\/6389bbd23c942e749577d7c5bd544a11","name":"Alessandro Belotti","image":{"@type":"ImageObject","inLanguage":"fr-FR","@id":"https:\/\/secure.gravatar.com\/avatar\/dc3eadb75ce8ffa0ecac96a00c5edeab015b49c1b72c59fe1652b01ecfbd4aee?s=96&d=mm&r=g","url":"https:\/\/secure.gravatar.com\/avatar\/dc3eadb75ce8ffa0ecac96a00c5edeab015b49c1b72c59fe1652b01ecfbd4aee?s=96&d=mm&r=g","contentUrl":"https:\/\/secure.gravatar.com\/avatar\/dc3eadb75ce8ffa0ecac96a00c5edeab015b49c1b72c59fe1652b01ecfbd4aee?s=96&d=mm&r=g","caption":"Alessandro Belotti"},"url":"https:\/\/www.hipac.com\/fr\/author\/alessandro-belottihipac-it\/"}]}},"_links":{"self":[{"href":"https:\/\/www.hipac.com\/fr\/wp-json\/wp\/v2\/posts\/10093","targetHints":{"allow":["GET"]}}],"collection":[{"href":"https:\/\/www.hipac.com\/fr\/wp-json\/wp\/v2\/posts"}],"about":[{"href":"https:\/\/www.hipac.com\/fr\/wp-json\/wp\/v2\/types\/post"}],"author":[{"embeddable":true,"href":"https:\/\/www.hipac.com\/fr\/wp-json\/wp\/v2\/users\/7"}],"replies":[{"embeddable":true,"href":"https:\/\/www.hipac.com\/fr\/wp-json\/wp\/v2\/comments?post=10093"}],"version-history":[{"count":3,"href":"https:\/\/www.hipac.com\/fr\/wp-json\/wp\/v2\/posts\/10093\/revisions"}],"predecessor-version":[{"id":10105,"href":"https:\/\/www.hipac.com\/fr\/wp-json\/wp\/v2\/posts\/10093\/revisions\/10105"}],"wp:attachment":[{"href":"https:\/\/www.hipac.com\/fr\/wp-json\/wp\/v2\/media?parent=10093"}],"wp:term":[{"taxonomy":"category","embeddable":true,"href":"https:\/\/www.hipac.com\/fr\/wp-json\/wp\/v2\/categories?post=10093"},{"taxonomy":"post_tag","embeddable":true,"href":"https:\/\/www.hipac.com\/fr\/wp-json\/wp\/v2\/tags?post=10093"}],"curies":[{"name":"wp","href":"https:\/\/api.w.org\/{rel}","templated":true}]}}