{"id":7588,"date":"2023-01-13T18:05:51","date_gmt":"2023-01-13T17:05:51","guid":{"rendered":"https:\/\/www.hipac.com\/2023\/01\/iberhipac-sa-y-el-plan-de-igualdad-se-enmarcan-en-el-plan-esg-environmental-social-and-governance-del-grupo-hipac\/"},"modified":"2023-01-25T12:58:58","modified_gmt":"2023-01-25T11:58:58","slug":"iberhipac-sa-y-el-plan-de-igualdad-se-enmarcan-en-el-plan-esg-environmental-social-and-governance-del-grupo-hipac","status":"publish","type":"post","link":"https:\/\/www.hipac.com\/es\/2023\/01\/iberhipac-sa-y-el-plan-de-igualdad-se-enmarcan-en-el-plan-esg-environmental-social-and-governance-del-grupo-hipac\/","title":{"rendered":"Iberhipac SA y el \u00abPlan de Igualdad\u00bb se enmarcan en el plan ESG (Environmental, Social and Governance) del Grupo Hipac"},"content":{"rendered":"\n<figure class=\"wp-block-image size-full\"><img loading=\"lazy\" decoding=\"async\" width=\"751\" height=\"500\" src=\"https:\/\/www.hipac.com\/wp-content\/uploads\/2023\/01\/01_lDef.jpg\" alt=\"\" class=\"wp-image-7473\" srcset=\"https:\/\/www.hipac.com\/wp-content\/uploads\/2023\/01\/01_lDef.jpg 751w, https:\/\/www.hipac.com\/wp-content\/uploads\/2023\/01\/01_lDef-300x200.jpg 300w\" sizes=\"auto, (max-width: 751px) 100vw, 751px\" \/><figcaption>Planta espa\u00f1ola de Iberhipac &#8211; Grupo Hipac<\/figcaption><\/figure>\n<p>Iberhipac SA cuenta desde hoy con su primer Plan de Igualdad que tiene por objetivo integrar en la entidad la igualdad de oportunidades y no discriminaci\u00f3n entre mujeres y hombres, aplic\u00e1ndola a todos sus \u00e1mbitos e incorpor\u00e1ndola en su modelo de gesti\u00f3n.<\/p>\n\n<p>El protocolo firmado se aplicar\u00e1 a todas las funciones corporativas y se incorporar\u00e1 al modelo de gesti\u00f3n corporativo.<\/p>\n\n<p>El plan de igualdad se firm\u00f3 de mutuo acuerdo entre la organizaci\u00f3n y los representantes de los trabajadores.<\/p>\n\n<p>El acuerdo se acompa\u00f1a tambi\u00e9n de un protocolo para la prevenci\u00f3n y actuaci\u00f3n frente al acoso sexual, por el que Iberhipac SA manifiesta su tolerancia cero ante la ocurrencia, dentro de su organizaci\u00f3n, de conductas constitutivas de acoso sexual o acoso por raz\u00f3n de sexo.<\/p>\n\n<p>Para garantizar el desarrollo y la aplicaci\u00f3n de este plan, se ha creado un Comit\u00e9 de Igualdad que se re\u00fane cada tres meses, supervisa el plan, elabora informes y sugiere medidas correctoras en caso necesario.<\/p>\n","protected":false},"excerpt":{"rendered":"<p>Iberhipac SA tambi\u00e9n adopta un protocolo que promueve la igualdad de oportunidades y la no discriminaci\u00f3n de acuerdo con el C\u00f3digo \u00c9tico del Grupo<\/p>\n","protected":false},"author":3,"featured_media":0,"comment_status":"closed","ping_status":"closed","sticky":false,"template":"","format":"standard","meta":{"_acf_changed":false,"footnotes":""},"categories":[292],"tags":[329,330],"class_list":["post-7588","post","type-post","status-publish","format-standard","hentry","category-news-es","tag-esg-es","tag-stretchfilm-es"],"acf":[],"yoast_head":"<!-- This site is optimized with the Yoast SEO plugin v27.3 - https:\/\/yoast.com\/product\/yoast-seo-wordpress\/ -->\n<title>Iberhipac SA y el &quot;Plan de Igualdad&quot; se enmarcan en el plan ESG (Environmental, Social and Governance) del Grupo Hipac - Hipac Group<\/title>\n<meta name=\"description\" content=\"Iberhipac SA tambi\u00e9n adopta un protocolo que promueve la igualdad de oportunidades y la no discriminaci\u00f3n de acuerdo con el C\u00f3digo \u00c9tico del Grupo\" \/>\n<meta name=\"robots\" content=\"index, follow, max-snippet:-1, max-image-preview:large, max-video-preview:-1\" \/>\n<link rel=\"canonical\" href=\"https:\/\/www.hipac.com\/es\/2023\/01\/iberhipac-sa-y-el-plan-de-igualdad-se-enmarcan-en-el-plan-esg-environmental-social-and-governance-del-grupo-hipac\/\" \/>\n<meta property=\"og:locale\" content=\"es_ES\" \/>\n<meta property=\"og:type\" content=\"article\" \/>\n<meta property=\"og:title\" content=\"Iberhipac SA y el &quot;Plan de Igualdad&quot; se enmarcan en el plan ESG (Environmental, Social and Governance) del Grupo Hipac - Hipac Group\" \/>\n<meta property=\"og:description\" content=\"Iberhipac SA tambi\u00e9n adopta un protocolo que promueve la igualdad de oportunidades y la no discriminaci\u00f3n de acuerdo con el C\u00f3digo \u00c9tico del Grupo\" \/>\n<meta property=\"og:url\" content=\"https:\/\/www.hipac.com\/es\/2023\/01\/iberhipac-sa-y-el-plan-de-igualdad-se-enmarcan-en-el-plan-esg-environmental-social-and-governance-del-grupo-hipac\/\" \/>\n<meta property=\"og:site_name\" content=\"Hipac Group\" \/>\n<meta property=\"article:published_time\" content=\"2023-01-13T17:05:51+00:00\" \/>\n<meta property=\"article:modified_time\" content=\"2023-01-25T11:58:58+00:00\" \/>\n<meta property=\"og:image\" content=\"https:\/\/www.hipac.com\/wp-content\/uploads\/2023\/01\/01_lDef.jpg\" \/>\n<meta name=\"author\" content=\"IT Hipac\" \/>\n<meta name=\"twitter:card\" content=\"summary_large_image\" \/>\n<meta name=\"twitter:label1\" content=\"Escrito por\" \/>\n\t<meta name=\"twitter:data1\" content=\"IT Hipac\" \/>\n\t<meta name=\"twitter:label2\" content=\"Tiempo de lectura\" \/>\n\t<meta name=\"twitter:data2\" content=\"1 minuto\" \/>\n<script type=\"application\/ld+json\" class=\"yoast-schema-graph\">{\"@context\":\"https:\\\/\\\/schema.org\",\"@graph\":[{\"@type\":\"Article\",\"@id\":\"https:\\\/\\\/www.hipac.com\\\/es\\\/2023\\\/01\\\/iberhipac-sa-y-el-plan-de-igualdad-se-enmarcan-en-el-plan-esg-environmental-social-and-governance-del-grupo-hipac\\\/#article\",\"isPartOf\":{\"@id\":\"https:\\\/\\\/www.hipac.com\\\/es\\\/2023\\\/01\\\/iberhipac-sa-y-el-plan-de-igualdad-se-enmarcan-en-el-plan-esg-environmental-social-and-governance-del-grupo-hipac\\\/\"},\"author\":{\"name\":\"IT Hipac\",\"@id\":\"https:\\\/\\\/www.hipac.com\\\/es\\\/#\\\/schema\\\/person\\\/3177c4ff3efb384a6952b252d896b8f9\"},\"headline\":\"Iberhipac SA y el \u00abPlan de Igualdad\u00bb se enmarcan en el plan ESG (Environmental, Social and Governance) del Grupo Hipac\",\"datePublished\":\"2023-01-13T17:05:51+00:00\",\"dateModified\":\"2023-01-25T11:58:58+00:00\",\"mainEntityOfPage\":{\"@id\":\"https:\\\/\\\/www.hipac.com\\\/es\\\/2023\\\/01\\\/iberhipac-sa-y-el-plan-de-igualdad-se-enmarcan-en-el-plan-esg-environmental-social-and-governance-del-grupo-hipac\\\/\"},\"wordCount\":200,\"image\":{\"@id\":\"https:\\\/\\\/www.hipac.com\\\/es\\\/2023\\\/01\\\/iberhipac-sa-y-el-plan-de-igualdad-se-enmarcan-en-el-plan-esg-environmental-social-and-governance-del-grupo-hipac\\\/#primaryimage\"},\"thumbnailUrl\":\"https:\\\/\\\/www.hipac.com\\\/wp-content\\\/uploads\\\/2023\\\/01\\\/01_lDef.jpg\",\"keywords\":[\"ESG\",\"stretchfilm\"],\"articleSection\":[\"News\"],\"inLanguage\":\"es\"},{\"@type\":\"WebPage\",\"@id\":\"https:\\\/\\\/www.hipac.com\\\/es\\\/2023\\\/01\\\/iberhipac-sa-y-el-plan-de-igualdad-se-enmarcan-en-el-plan-esg-environmental-social-and-governance-del-grupo-hipac\\\/\",\"url\":\"https:\\\/\\\/www.hipac.com\\\/es\\\/2023\\\/01\\\/iberhipac-sa-y-el-plan-de-igualdad-se-enmarcan-en-el-plan-esg-environmental-social-and-governance-del-grupo-hipac\\\/\",\"name\":\"Iberhipac SA y el \\\"Plan de Igualdad\\\" se enmarcan en el plan ESG (Environmental, Social and Governance) del Grupo Hipac - Hipac Group\",\"isPartOf\":{\"@id\":\"https:\\\/\\\/www.hipac.com\\\/es\\\/#website\"},\"primaryImageOfPage\":{\"@id\":\"https:\\\/\\\/www.hipac.com\\\/es\\\/2023\\\/01\\\/iberhipac-sa-y-el-plan-de-igualdad-se-enmarcan-en-el-plan-esg-environmental-social-and-governance-del-grupo-hipac\\\/#primaryimage\"},\"image\":{\"@id\":\"https:\\\/\\\/www.hipac.com\\\/es\\\/2023\\\/01\\\/iberhipac-sa-y-el-plan-de-igualdad-se-enmarcan-en-el-plan-esg-environmental-social-and-governance-del-grupo-hipac\\\/#primaryimage\"},\"thumbnailUrl\":\"https:\\\/\\\/www.hipac.com\\\/wp-content\\\/uploads\\\/2023\\\/01\\\/01_lDef.jpg\",\"datePublished\":\"2023-01-13T17:05:51+00:00\",\"dateModified\":\"2023-01-25T11:58:58+00:00\",\"author\":{\"@id\":\"https:\\\/\\\/www.hipac.com\\\/es\\\/#\\\/schema\\\/person\\\/3177c4ff3efb384a6952b252d896b8f9\"},\"description\":\"Iberhipac SA tambi\u00e9n adopta un protocolo que promueve la igualdad de oportunidades y la no discriminaci\u00f3n de acuerdo con el C\u00f3digo \u00c9tico del Grupo\",\"inLanguage\":\"es\",\"potentialAction\":[{\"@type\":\"ReadAction\",\"target\":[\"https:\\\/\\\/www.hipac.com\\\/es\\\/2023\\\/01\\\/iberhipac-sa-y-el-plan-de-igualdad-se-enmarcan-en-el-plan-esg-environmental-social-and-governance-del-grupo-hipac\\\/\"]}]},{\"@type\":\"ImageObject\",\"inLanguage\":\"es\",\"@id\":\"https:\\\/\\\/www.hipac.com\\\/es\\\/2023\\\/01\\\/iberhipac-sa-y-el-plan-de-igualdad-se-enmarcan-en-el-plan-esg-environmental-social-and-governance-del-grupo-hipac\\\/#primaryimage\",\"url\":\"https:\\\/\\\/www.hipac.com\\\/wp-content\\\/uploads\\\/2023\\\/01\\\/01_lDef.jpg\",\"contentUrl\":\"https:\\\/\\\/www.hipac.com\\\/wp-content\\\/uploads\\\/2023\\\/01\\\/01_lDef.jpg\"},{\"@type\":\"WebSite\",\"@id\":\"https:\\\/\\\/www.hipac.com\\\/es\\\/#website\",\"url\":\"https:\\\/\\\/www.hipac.com\\\/es\\\/\",\"name\":\"Hipac Group\",\"description\":\"\",\"potentialAction\":[{\"@type\":\"SearchAction\",\"target\":{\"@type\":\"EntryPoint\",\"urlTemplate\":\"https:\\\/\\\/www.hipac.com\\\/es\\\/?s={search_term_string}\"},\"query-input\":{\"@type\":\"PropertyValueSpecification\",\"valueRequired\":true,\"valueName\":\"search_term_string\"}}],\"inLanguage\":\"es\"},{\"@type\":\"Person\",\"@id\":\"https:\\\/\\\/www.hipac.com\\\/es\\\/#\\\/schema\\\/person\\\/3177c4ff3efb384a6952b252d896b8f9\",\"name\":\"IT Hipac\",\"image\":{\"@type\":\"ImageObject\",\"inLanguage\":\"es\",\"@id\":\"https:\\\/\\\/secure.gravatar.com\\\/avatar\\\/fdb71693b89fe4a30374b5e48b03a4d6c250b7fdc1b7f68cee685d90fd80912b?s=96&d=mm&r=g\",\"url\":\"https:\\\/\\\/secure.gravatar.com\\\/avatar\\\/fdb71693b89fe4a30374b5e48b03a4d6c250b7fdc1b7f68cee685d90fd80912b?s=96&d=mm&r=g\",\"contentUrl\":\"https:\\\/\\\/secure.gravatar.com\\\/avatar\\\/fdb71693b89fe4a30374b5e48b03a4d6c250b7fdc1b7f68cee685d90fd80912b?s=96&d=mm&r=g\",\"caption\":\"IT Hipac\"},\"url\":\"https:\\\/\\\/www.hipac.com\\\/es\\\/author\\\/simonemilesi\\\/\"}]}<\/script>\n<!-- \/ Yoast SEO plugin. -->","yoast_head_json":{"title":"Iberhipac SA y el \"Plan de Igualdad\" se enmarcan en el plan ESG (Environmental, Social and Governance) del Grupo Hipac - Hipac Group","description":"Iberhipac SA tambi\u00e9n adopta un protocolo que promueve la igualdad de oportunidades y la no discriminaci\u00f3n de acuerdo con el C\u00f3digo \u00c9tico del Grupo","robots":{"index":"index","follow":"follow","max-snippet":"max-snippet:-1","max-image-preview":"max-image-preview:large","max-video-preview":"max-video-preview:-1"},"canonical":"https:\/\/www.hipac.com\/es\/2023\/01\/iberhipac-sa-y-el-plan-de-igualdad-se-enmarcan-en-el-plan-esg-environmental-social-and-governance-del-grupo-hipac\/","og_locale":"es_ES","og_type":"article","og_title":"Iberhipac SA y el \"Plan de Igualdad\" se enmarcan en el plan ESG (Environmental, Social and Governance) del Grupo Hipac - Hipac Group","og_description":"Iberhipac SA tambi\u00e9n adopta un protocolo que promueve la igualdad de oportunidades y la no discriminaci\u00f3n de acuerdo con el C\u00f3digo \u00c9tico del Grupo","og_url":"https:\/\/www.hipac.com\/es\/2023\/01\/iberhipac-sa-y-el-plan-de-igualdad-se-enmarcan-en-el-plan-esg-environmental-social-and-governance-del-grupo-hipac\/","og_site_name":"Hipac Group","article_published_time":"2023-01-13T17:05:51+00:00","article_modified_time":"2023-01-25T11:58:58+00:00","og_image":[{"url":"https:\/\/www.hipac.com\/wp-content\/uploads\/2023\/01\/01_lDef.jpg","type":"","width":"","height":""}],"author":"IT Hipac","twitter_card":"summary_large_image","twitter_misc":{"Escrito por":"IT Hipac","Tiempo de lectura":"1 minuto"},"schema":{"@context":"https:\/\/schema.org","@graph":[{"@type":"Article","@id":"https:\/\/www.hipac.com\/es\/2023\/01\/iberhipac-sa-y-el-plan-de-igualdad-se-enmarcan-en-el-plan-esg-environmental-social-and-governance-del-grupo-hipac\/#article","isPartOf":{"@id":"https:\/\/www.hipac.com\/es\/2023\/01\/iberhipac-sa-y-el-plan-de-igualdad-se-enmarcan-en-el-plan-esg-environmental-social-and-governance-del-grupo-hipac\/"},"author":{"name":"IT Hipac","@id":"https:\/\/www.hipac.com\/es\/#\/schema\/person\/3177c4ff3efb384a6952b252d896b8f9"},"headline":"Iberhipac SA y el \u00abPlan de Igualdad\u00bb se enmarcan en el plan ESG (Environmental, Social and Governance) del Grupo Hipac","datePublished":"2023-01-13T17:05:51+00:00","dateModified":"2023-01-25T11:58:58+00:00","mainEntityOfPage":{"@id":"https:\/\/www.hipac.com\/es\/2023\/01\/iberhipac-sa-y-el-plan-de-igualdad-se-enmarcan-en-el-plan-esg-environmental-social-and-governance-del-grupo-hipac\/"},"wordCount":200,"image":{"@id":"https:\/\/www.hipac.com\/es\/2023\/01\/iberhipac-sa-y-el-plan-de-igualdad-se-enmarcan-en-el-plan-esg-environmental-social-and-governance-del-grupo-hipac\/#primaryimage"},"thumbnailUrl":"https:\/\/www.hipac.com\/wp-content\/uploads\/2023\/01\/01_lDef.jpg","keywords":["ESG","stretchfilm"],"articleSection":["News"],"inLanguage":"es"},{"@type":"WebPage","@id":"https:\/\/www.hipac.com\/es\/2023\/01\/iberhipac-sa-y-el-plan-de-igualdad-se-enmarcan-en-el-plan-esg-environmental-social-and-governance-del-grupo-hipac\/","url":"https:\/\/www.hipac.com\/es\/2023\/01\/iberhipac-sa-y-el-plan-de-igualdad-se-enmarcan-en-el-plan-esg-environmental-social-and-governance-del-grupo-hipac\/","name":"Iberhipac SA y el \"Plan de Igualdad\" se enmarcan en el plan ESG (Environmental, Social and Governance) del Grupo Hipac - Hipac Group","isPartOf":{"@id":"https:\/\/www.hipac.com\/es\/#website"},"primaryImageOfPage":{"@id":"https:\/\/www.hipac.com\/es\/2023\/01\/iberhipac-sa-y-el-plan-de-igualdad-se-enmarcan-en-el-plan-esg-environmental-social-and-governance-del-grupo-hipac\/#primaryimage"},"image":{"@id":"https:\/\/www.hipac.com\/es\/2023\/01\/iberhipac-sa-y-el-plan-de-igualdad-se-enmarcan-en-el-plan-esg-environmental-social-and-governance-del-grupo-hipac\/#primaryimage"},"thumbnailUrl":"https:\/\/www.hipac.com\/wp-content\/uploads\/2023\/01\/01_lDef.jpg","datePublished":"2023-01-13T17:05:51+00:00","dateModified":"2023-01-25T11:58:58+00:00","author":{"@id":"https:\/\/www.hipac.com\/es\/#\/schema\/person\/3177c4ff3efb384a6952b252d896b8f9"},"description":"Iberhipac SA tambi\u00e9n adopta un protocolo que promueve la igualdad de oportunidades y la no discriminaci\u00f3n de acuerdo con el C\u00f3digo \u00c9tico del Grupo","inLanguage":"es","potentialAction":[{"@type":"ReadAction","target":["https:\/\/www.hipac.com\/es\/2023\/01\/iberhipac-sa-y-el-plan-de-igualdad-se-enmarcan-en-el-plan-esg-environmental-social-and-governance-del-grupo-hipac\/"]}]},{"@type":"ImageObject","inLanguage":"es","@id":"https:\/\/www.hipac.com\/es\/2023\/01\/iberhipac-sa-y-el-plan-de-igualdad-se-enmarcan-en-el-plan-esg-environmental-social-and-governance-del-grupo-hipac\/#primaryimage","url":"https:\/\/www.hipac.com\/wp-content\/uploads\/2023\/01\/01_lDef.jpg","contentUrl":"https:\/\/www.hipac.com\/wp-content\/uploads\/2023\/01\/01_lDef.jpg"},{"@type":"WebSite","@id":"https:\/\/www.hipac.com\/es\/#website","url":"https:\/\/www.hipac.com\/es\/","name":"Hipac Group","description":"","potentialAction":[{"@type":"SearchAction","target":{"@type":"EntryPoint","urlTemplate":"https:\/\/www.hipac.com\/es\/?s={search_term_string}"},"query-input":{"@type":"PropertyValueSpecification","valueRequired":true,"valueName":"search_term_string"}}],"inLanguage":"es"},{"@type":"Person","@id":"https:\/\/www.hipac.com\/es\/#\/schema\/person\/3177c4ff3efb384a6952b252d896b8f9","name":"IT Hipac","image":{"@type":"ImageObject","inLanguage":"es","@id":"https:\/\/secure.gravatar.com\/avatar\/fdb71693b89fe4a30374b5e48b03a4d6c250b7fdc1b7f68cee685d90fd80912b?s=96&d=mm&r=g","url":"https:\/\/secure.gravatar.com\/avatar\/fdb71693b89fe4a30374b5e48b03a4d6c250b7fdc1b7f68cee685d90fd80912b?s=96&d=mm&r=g","contentUrl":"https:\/\/secure.gravatar.com\/avatar\/fdb71693b89fe4a30374b5e48b03a4d6c250b7fdc1b7f68cee685d90fd80912b?s=96&d=mm&r=g","caption":"IT Hipac"},"url":"https:\/\/www.hipac.com\/es\/author\/simonemilesi\/"}]}},"_links":{"self":[{"href":"https:\/\/www.hipac.com\/es\/wp-json\/wp\/v2\/posts\/7588","targetHints":{"allow":["GET"]}}],"collection":[{"href":"https:\/\/www.hipac.com\/es\/wp-json\/wp\/v2\/posts"}],"about":[{"href":"https:\/\/www.hipac.com\/es\/wp-json\/wp\/v2\/types\/post"}],"author":[{"embeddable":true,"href":"https:\/\/www.hipac.com\/es\/wp-json\/wp\/v2\/users\/3"}],"replies":[{"embeddable":true,"href":"https:\/\/www.hipac.com\/es\/wp-json\/wp\/v2\/comments?post=7588"}],"version-history":[{"count":1,"href":"https:\/\/www.hipac.com\/es\/wp-json\/wp\/v2\/posts\/7588\/revisions"}],"predecessor-version":[{"id":7589,"href":"https:\/\/www.hipac.com\/es\/wp-json\/wp\/v2\/posts\/7588\/revisions\/7589"}],"wp:attachment":[{"href":"https:\/\/www.hipac.com\/es\/wp-json\/wp\/v2\/media?parent=7588"}],"wp:term":[{"taxonomy":"category","embeddable":true,"href":"https:\/\/www.hipac.com\/es\/wp-json\/wp\/v2\/categories?post=7588"},{"taxonomy":"post_tag","embeddable":true,"href":"https:\/\/www.hipac.com\/es\/wp-json\/wp\/v2\/tags?post=7588"}],"curies":[{"name":"wp","href":"https:\/\/api.w.org\/{rel}","templated":true}]}}