{"id":11950,"date":"2025-10-03T14:33:32","date_gmt":"2025-10-03T12:33:32","guid":{"rendered":"https:\/\/www.hipac.com\/2025\/10\/hipac-premiada-con-la-marca-prs-green-label-2025\/"},"modified":"2025-10-03T15:09:41","modified_gmt":"2025-10-03T13:09:41","slug":"hipac-premiada-con-la-marca-prs-green-label-2025","status":"publish","type":"post","link":"https:\/\/www.hipac.com\/es\/2025\/10\/hipac-premiada-con-la-marca-prs-green-label-2025\/","title":{"rendered":"HIPAC PREMIADA CON LA MARCA PRS GREEN LABEL 2025"},"content":{"rendered":"\n<figure class=\"wp-block-image size-large\"><img loading=\"lazy\" decoding=\"async\" width=\"1024\" height=\"635\" src=\"https:\/\/www.hipac.com\/wp-content\/uploads\/2025\/10\/Grafica-1024x635.jpg\" alt=\"The PRS Green Label certificate\" class=\"wp-image-11933\" srcset=\"https:\/\/www.hipac.com\/wp-content\/uploads\/2025\/10\/Grafica-1024x635.jpg 1024w, https:\/\/www.hipac.com\/wp-content\/uploads\/2025\/10\/Grafica-300x186.jpg 300w, https:\/\/www.hipac.com\/wp-content\/uploads\/2025\/10\/Grafica-768x476.jpg 768w, https:\/\/www.hipac.com\/wp-content\/uploads\/2025\/10\/Grafica.jpg 1223w\" sizes=\"auto, (max-width: 1024px) 100vw, 1024px\" \/><\/figure>\n\n<p><strong>HIPAC<\/strong> ha obtenido tambi\u00e9n este a\u00f1o el reconocimiento <strong>PRS Green Label<\/strong>.<\/p>\n\n<p>El <strong>PRS Green Label<\/strong> reconoce a todas las empresas que contribuyen activamente al <a href=\"https:\/\/www.prs-pooling.com\/en\/sustainability\/green-label\/#:~:text=For%20more%20than%2030%20years%2C%20PRS%20has%20been,model%2C%20we%20have%20created%20the%20PRS%20Green%20Label.\">proceso de reutilizaci\u00f3n de palets<\/a>: gracias a una tasa de recuperaci\u00f3n de palets superior al 65%, HIPAC ayuda a salvar cientos de \u00e1rboles, alcanzando el m\u00e1ximo reconocimiento (3 estrellas).<\/p>\n\n<p>Otro hito m\u00e1s en el camino hacia la sostenibilidad que sigue nuestra empresa.<\/p>\n\n<p>Aqu\u00ed m\u00e1s informaci\u00f3n sobre el compromiso de HIPAC con la <a href=\"https:\/\/www.hipac.com\/es\/sostenibilidad\/\">sostenibilidad<\/a><\/p>\n","protected":false},"excerpt":{"rendered":"<p>HIPAC ha obtenido tambi\u00e9n este a\u00f1o el reconocimiento PRS Green Label. El PRS Green Label reconoce a todas las empresas que contribuyen activamente al proceso de reutilizaci\u00f3n de palets: gracias a una tasa de recuperaci\u00f3n de palets superior al 65%, HIPAC ayuda a salvar cientos de \u00e1rboles, alcanzando el m\u00e1ximo reconocimiento (3 estrellas). Otro hito [&hellip;]<\/p>\n","protected":false},"author":7,"featured_media":0,"comment_status":"closed","ping_status":"closed","sticky":false,"template":"","format":"standard","meta":{"_acf_changed":false,"footnotes":""},"categories":[292],"tags":[802,894,893,330],"class_list":["post-11950","post","type-post","status-publish","format-standard","hentry","category-news-es","tag-greeneconomy-es","tag-pallet","tag-prs-green-label","tag-stretchfilm-es"],"acf":[],"yoast_head":"<!-- This site is optimized with the Yoast SEO plugin v27.3 - https:\/\/yoast.com\/product\/yoast-seo-wordpress\/ -->\n<title>HIPAC PREMIADA CON LA MARCA PRS GREEN LABEL 2025 - Hipac Group<\/title>\n<meta name=\"description\" content=\"Reconocido en Hipac el PRS Green Label por todas las empresas que contribuyen activamente al proceso de reutilizaci\u00f3n de palets\" \/>\n<meta name=\"robots\" content=\"index, follow, max-snippet:-1, max-image-preview:large, max-video-preview:-1\" \/>\n<link rel=\"canonical\" href=\"https:\/\/www.hipac.com\/es\/2025\/10\/hipac-premiada-con-la-marca-prs-green-label-2025\/\" \/>\n<meta property=\"og:locale\" content=\"es_ES\" \/>\n<meta property=\"og:type\" content=\"article\" \/>\n<meta property=\"og:title\" content=\"HIPAC PREMIADA CON LA MARCA PRS GREEN LABEL 2025 - Hipac Group\" \/>\n<meta property=\"og:description\" content=\"Reconocido en Hipac el PRS Green Label por todas las empresas que contribuyen activamente al proceso de reutilizaci\u00f3n de palets\" \/>\n<meta property=\"og:url\" content=\"https:\/\/www.hipac.com\/es\/2025\/10\/hipac-premiada-con-la-marca-prs-green-label-2025\/\" \/>\n<meta property=\"og:site_name\" content=\"Hipac Group\" \/>\n<meta property=\"article:published_time\" content=\"2025-10-03T12:33:32+00:00\" \/>\n<meta property=\"article:modified_time\" content=\"2025-10-03T13:09:41+00:00\" \/>\n<meta property=\"og:image\" content=\"https:\/\/www.hipac.com\/wp-content\/uploads\/2025\/10\/Grafica.jpg\" \/>\n\t<meta property=\"og:image:width\" content=\"1223\" \/>\n\t<meta property=\"og:image:height\" content=\"758\" \/>\n\t<meta property=\"og:image:type\" content=\"image\/jpeg\" \/>\n<meta name=\"author\" content=\"Alessandro Belotti\" \/>\n<meta name=\"twitter:card\" content=\"summary_large_image\" \/>\n<meta name=\"twitter:label1\" content=\"Escrito por\" \/>\n\t<meta name=\"twitter:data1\" content=\"Alessandro Belotti\" \/>\n<script type=\"application\/ld+json\" class=\"yoast-schema-graph\">{\"@context\":\"https:\\\/\\\/schema.org\",\"@graph\":[{\"@type\":\"Article\",\"@id\":\"https:\\\/\\\/www.hipac.com\\\/es\\\/2025\\\/10\\\/hipac-premiada-con-la-marca-prs-green-label-2025\\\/#article\",\"isPartOf\":{\"@id\":\"https:\\\/\\\/www.hipac.com\\\/es\\\/2025\\\/10\\\/hipac-premiada-con-la-marca-prs-green-label-2025\\\/\"},\"author\":{\"name\":\"Alessandro Belotti\",\"@id\":\"https:\\\/\\\/www.hipac.com\\\/es\\\/#\\\/schema\\\/person\\\/6389bbd23c942e749577d7c5bd544a11\"},\"headline\":\"HIPAC PREMIADA CON LA MARCA PRS GREEN LABEL 2025\",\"datePublished\":\"2025-10-03T12:33:32+00:00\",\"dateModified\":\"2025-10-03T13:09:41+00:00\",\"mainEntityOfPage\":{\"@id\":\"https:\\\/\\\/www.hipac.com\\\/es\\\/2025\\\/10\\\/hipac-premiada-con-la-marca-prs-green-label-2025\\\/\"},\"wordCount\":91,\"image\":{\"@id\":\"https:\\\/\\\/www.hipac.com\\\/es\\\/2025\\\/10\\\/hipac-premiada-con-la-marca-prs-green-label-2025\\\/#primaryimage\"},\"thumbnailUrl\":\"https:\\\/\\\/www.hipac.com\\\/wp-content\\\/uploads\\\/2025\\\/10\\\/Grafica-1024x635.jpg\",\"keywords\":[\"greeneconomy\",\"pallet\",\"PRS Green Label\",\"stretchfilm\"],\"articleSection\":[\"News\"],\"inLanguage\":\"es\"},{\"@type\":\"WebPage\",\"@id\":\"https:\\\/\\\/www.hipac.com\\\/es\\\/2025\\\/10\\\/hipac-premiada-con-la-marca-prs-green-label-2025\\\/\",\"url\":\"https:\\\/\\\/www.hipac.com\\\/es\\\/2025\\\/10\\\/hipac-premiada-con-la-marca-prs-green-label-2025\\\/\",\"name\":\"HIPAC PREMIADA CON LA MARCA PRS GREEN LABEL 2025 - Hipac Group\",\"isPartOf\":{\"@id\":\"https:\\\/\\\/www.hipac.com\\\/es\\\/#website\"},\"primaryImageOfPage\":{\"@id\":\"https:\\\/\\\/www.hipac.com\\\/es\\\/2025\\\/10\\\/hipac-premiada-con-la-marca-prs-green-label-2025\\\/#primaryimage\"},\"image\":{\"@id\":\"https:\\\/\\\/www.hipac.com\\\/es\\\/2025\\\/10\\\/hipac-premiada-con-la-marca-prs-green-label-2025\\\/#primaryimage\"},\"thumbnailUrl\":\"https:\\\/\\\/www.hipac.com\\\/wp-content\\\/uploads\\\/2025\\\/10\\\/Grafica-1024x635.jpg\",\"datePublished\":\"2025-10-03T12:33:32+00:00\",\"dateModified\":\"2025-10-03T13:09:41+00:00\",\"author\":{\"@id\":\"https:\\\/\\\/www.hipac.com\\\/es\\\/#\\\/schema\\\/person\\\/6389bbd23c942e749577d7c5bd544a11\"},\"description\":\"Reconocido en Hipac el PRS Green Label por todas las empresas que contribuyen activamente al proceso de reutilizaci\u00f3n de palets\",\"inLanguage\":\"es\",\"potentialAction\":[{\"@type\":\"ReadAction\",\"target\":[\"https:\\\/\\\/www.hipac.com\\\/es\\\/2025\\\/10\\\/hipac-premiada-con-la-marca-prs-green-label-2025\\\/\"]}]},{\"@type\":\"ImageObject\",\"inLanguage\":\"es\",\"@id\":\"https:\\\/\\\/www.hipac.com\\\/es\\\/2025\\\/10\\\/hipac-premiada-con-la-marca-prs-green-label-2025\\\/#primaryimage\",\"url\":\"https:\\\/\\\/www.hipac.com\\\/wp-content\\\/uploads\\\/2025\\\/10\\\/Grafica-1024x635.jpg\",\"contentUrl\":\"https:\\\/\\\/www.hipac.com\\\/wp-content\\\/uploads\\\/2025\\\/10\\\/Grafica-1024x635.jpg\"},{\"@type\":\"WebSite\",\"@id\":\"https:\\\/\\\/www.hipac.com\\\/es\\\/#website\",\"url\":\"https:\\\/\\\/www.hipac.com\\\/es\\\/\",\"name\":\"Hipac Group\",\"description\":\"\",\"potentialAction\":[{\"@type\":\"SearchAction\",\"target\":{\"@type\":\"EntryPoint\",\"urlTemplate\":\"https:\\\/\\\/www.hipac.com\\\/es\\\/?s={search_term_string}\"},\"query-input\":{\"@type\":\"PropertyValueSpecification\",\"valueRequired\":true,\"valueName\":\"search_term_string\"}}],\"inLanguage\":\"es\"},{\"@type\":\"Person\",\"@id\":\"https:\\\/\\\/www.hipac.com\\\/es\\\/#\\\/schema\\\/person\\\/6389bbd23c942e749577d7c5bd544a11\",\"name\":\"Alessandro Belotti\",\"image\":{\"@type\":\"ImageObject\",\"inLanguage\":\"es\",\"@id\":\"https:\\\/\\\/secure.gravatar.com\\\/avatar\\\/dc3eadb75ce8ffa0ecac96a00c5edeab015b49c1b72c59fe1652b01ecfbd4aee?s=96&d=mm&r=g\",\"url\":\"https:\\\/\\\/secure.gravatar.com\\\/avatar\\\/dc3eadb75ce8ffa0ecac96a00c5edeab015b49c1b72c59fe1652b01ecfbd4aee?s=96&d=mm&r=g\",\"contentUrl\":\"https:\\\/\\\/secure.gravatar.com\\\/avatar\\\/dc3eadb75ce8ffa0ecac96a00c5edeab015b49c1b72c59fe1652b01ecfbd4aee?s=96&d=mm&r=g\",\"caption\":\"Alessandro Belotti\"},\"url\":\"https:\\\/\\\/www.hipac.com\\\/es\\\/author\\\/alessandro-belottihipac-it\\\/\"}]}<\/script>\n<!-- \/ Yoast SEO plugin. -->","yoast_head_json":{"title":"HIPAC PREMIADA CON LA MARCA PRS GREEN LABEL 2025 - Hipac Group","description":"Reconocido en Hipac el PRS Green Label por todas las empresas que contribuyen activamente al proceso de reutilizaci\u00f3n de palets","robots":{"index":"index","follow":"follow","max-snippet":"max-snippet:-1","max-image-preview":"max-image-preview:large","max-video-preview":"max-video-preview:-1"},"canonical":"https:\/\/www.hipac.com\/es\/2025\/10\/hipac-premiada-con-la-marca-prs-green-label-2025\/","og_locale":"es_ES","og_type":"article","og_title":"HIPAC PREMIADA CON LA MARCA PRS GREEN LABEL 2025 - Hipac Group","og_description":"Reconocido en Hipac el PRS Green Label por todas las empresas que contribuyen activamente al proceso de reutilizaci\u00f3n de palets","og_url":"https:\/\/www.hipac.com\/es\/2025\/10\/hipac-premiada-con-la-marca-prs-green-label-2025\/","og_site_name":"Hipac Group","article_published_time":"2025-10-03T12:33:32+00:00","article_modified_time":"2025-10-03T13:09:41+00:00","og_image":[{"width":1223,"height":758,"url":"https:\/\/www.hipac.com\/wp-content\/uploads\/2025\/10\/Grafica.jpg","type":"image\/jpeg"}],"author":"Alessandro Belotti","twitter_card":"summary_large_image","twitter_misc":{"Escrito por":"Alessandro Belotti"},"schema":{"@context":"https:\/\/schema.org","@graph":[{"@type":"Article","@id":"https:\/\/www.hipac.com\/es\/2025\/10\/hipac-premiada-con-la-marca-prs-green-label-2025\/#article","isPartOf":{"@id":"https:\/\/www.hipac.com\/es\/2025\/10\/hipac-premiada-con-la-marca-prs-green-label-2025\/"},"author":{"name":"Alessandro Belotti","@id":"https:\/\/www.hipac.com\/es\/#\/schema\/person\/6389bbd23c942e749577d7c5bd544a11"},"headline":"HIPAC PREMIADA CON LA MARCA PRS GREEN LABEL 2025","datePublished":"2025-10-03T12:33:32+00:00","dateModified":"2025-10-03T13:09:41+00:00","mainEntityOfPage":{"@id":"https:\/\/www.hipac.com\/es\/2025\/10\/hipac-premiada-con-la-marca-prs-green-label-2025\/"},"wordCount":91,"image":{"@id":"https:\/\/www.hipac.com\/es\/2025\/10\/hipac-premiada-con-la-marca-prs-green-label-2025\/#primaryimage"},"thumbnailUrl":"https:\/\/www.hipac.com\/wp-content\/uploads\/2025\/10\/Grafica-1024x635.jpg","keywords":["greeneconomy","pallet","PRS Green Label","stretchfilm"],"articleSection":["News"],"inLanguage":"es"},{"@type":"WebPage","@id":"https:\/\/www.hipac.com\/es\/2025\/10\/hipac-premiada-con-la-marca-prs-green-label-2025\/","url":"https:\/\/www.hipac.com\/es\/2025\/10\/hipac-premiada-con-la-marca-prs-green-label-2025\/","name":"HIPAC PREMIADA CON LA MARCA PRS GREEN LABEL 2025 - Hipac Group","isPartOf":{"@id":"https:\/\/www.hipac.com\/es\/#website"},"primaryImageOfPage":{"@id":"https:\/\/www.hipac.com\/es\/2025\/10\/hipac-premiada-con-la-marca-prs-green-label-2025\/#primaryimage"},"image":{"@id":"https:\/\/www.hipac.com\/es\/2025\/10\/hipac-premiada-con-la-marca-prs-green-label-2025\/#primaryimage"},"thumbnailUrl":"https:\/\/www.hipac.com\/wp-content\/uploads\/2025\/10\/Grafica-1024x635.jpg","datePublished":"2025-10-03T12:33:32+00:00","dateModified":"2025-10-03T13:09:41+00:00","author":{"@id":"https:\/\/www.hipac.com\/es\/#\/schema\/person\/6389bbd23c942e749577d7c5bd544a11"},"description":"Reconocido en Hipac el PRS Green Label por todas las empresas que contribuyen activamente al proceso de reutilizaci\u00f3n de palets","inLanguage":"es","potentialAction":[{"@type":"ReadAction","target":["https:\/\/www.hipac.com\/es\/2025\/10\/hipac-premiada-con-la-marca-prs-green-label-2025\/"]}]},{"@type":"ImageObject","inLanguage":"es","@id":"https:\/\/www.hipac.com\/es\/2025\/10\/hipac-premiada-con-la-marca-prs-green-label-2025\/#primaryimage","url":"https:\/\/www.hipac.com\/wp-content\/uploads\/2025\/10\/Grafica-1024x635.jpg","contentUrl":"https:\/\/www.hipac.com\/wp-content\/uploads\/2025\/10\/Grafica-1024x635.jpg"},{"@type":"WebSite","@id":"https:\/\/www.hipac.com\/es\/#website","url":"https:\/\/www.hipac.com\/es\/","name":"Hipac Group","description":"","potentialAction":[{"@type":"SearchAction","target":{"@type":"EntryPoint","urlTemplate":"https:\/\/www.hipac.com\/es\/?s={search_term_string}"},"query-input":{"@type":"PropertyValueSpecification","valueRequired":true,"valueName":"search_term_string"}}],"inLanguage":"es"},{"@type":"Person","@id":"https:\/\/www.hipac.com\/es\/#\/schema\/person\/6389bbd23c942e749577d7c5bd544a11","name":"Alessandro Belotti","image":{"@type":"ImageObject","inLanguage":"es","@id":"https:\/\/secure.gravatar.com\/avatar\/dc3eadb75ce8ffa0ecac96a00c5edeab015b49c1b72c59fe1652b01ecfbd4aee?s=96&d=mm&r=g","url":"https:\/\/secure.gravatar.com\/avatar\/dc3eadb75ce8ffa0ecac96a00c5edeab015b49c1b72c59fe1652b01ecfbd4aee?s=96&d=mm&r=g","contentUrl":"https:\/\/secure.gravatar.com\/avatar\/dc3eadb75ce8ffa0ecac96a00c5edeab015b49c1b72c59fe1652b01ecfbd4aee?s=96&d=mm&r=g","caption":"Alessandro Belotti"},"url":"https:\/\/www.hipac.com\/es\/author\/alessandro-belottihipac-it\/"}]}},"_links":{"self":[{"href":"https:\/\/www.hipac.com\/es\/wp-json\/wp\/v2\/posts\/11950","targetHints":{"allow":["GET"]}}],"collection":[{"href":"https:\/\/www.hipac.com\/es\/wp-json\/wp\/v2\/posts"}],"about":[{"href":"https:\/\/www.hipac.com\/es\/wp-json\/wp\/v2\/types\/post"}],"author":[{"embeddable":true,"href":"https:\/\/www.hipac.com\/es\/wp-json\/wp\/v2\/users\/7"}],"replies":[{"embeddable":true,"href":"https:\/\/www.hipac.com\/es\/wp-json\/wp\/v2\/comments?post=11950"}],"version-history":[{"count":1,"href":"https:\/\/www.hipac.com\/es\/wp-json\/wp\/v2\/posts\/11950\/revisions"}],"predecessor-version":[{"id":11951,"href":"https:\/\/www.hipac.com\/es\/wp-json\/wp\/v2\/posts\/11950\/revisions\/11951"}],"wp:attachment":[{"href":"https:\/\/www.hipac.com\/es\/wp-json\/wp\/v2\/media?parent=11950"}],"wp:term":[{"taxonomy":"category","embeddable":true,"href":"https:\/\/www.hipac.com\/es\/wp-json\/wp\/v2\/categories?post=11950"},{"taxonomy":"post_tag","embeddable":true,"href":"https:\/\/www.hipac.com\/es\/wp-json\/wp\/v2\/tags?post=11950"}],"curies":[{"name":"wp","href":"https:\/\/api.w.org\/{rel}","templated":true}]}}