{"id":10095,"date":"2024-03-26T10:29:23","date_gmt":"2024-03-26T09:29:23","guid":{"rendered":"https:\/\/www.hipac.com\/?p=10095"},"modified":"2024-03-29T16:32:14","modified_gmt":"2024-03-29T15:32:14","slug":"hipac-recuerda-a-su-fundador-simone-giorlando","status":"publish","type":"post","link":"https:\/\/www.hipac.com\/es\/2024\/03\/hipac-recuerda-a-su-fundador-simone-giorlando\/","title":{"rendered":"HIPAC RECUERDA A SU FUNDADOR SIMONE GIORLANDO"},"content":{"rendered":"\n<p><strong>HIPAC<\/strong> desea recordar a su fundador, <strong>Simone Giorlando<\/strong>, fallecido el pasado mi\u00e9rcoles 20 de marzo a la edad de 84 a\u00f1os.<\/p>\n\n<p>Un empresario con visi\u00f3n de futuro, inteligente, incansable, riguroso, dedicado a su familia, que amaba a su trabajo y lo llevaba a cabo con honestidad, \u00e9tica y pasi\u00f3n. <\/p>\n\n<p>Un referente para la Empresa y para toda la Industria.<\/p>\n\n<p>Su esposa Orestina y sus hijos Aurora, Alessandra, Daniele, Giacomo, junto con los empleados de <strong>HIPAC<\/strong>, desean honrar su fallecimiento compartiendo con ustedes el <a href=\"https:\/\/www.giornaledibrescia.it\/economia\/addio-a-simone-giorlando-fondatore-della-hipac-di-cazzago-m35a91te\">art\u00edculo<\/a> publicado por el <strong>Giornale di Brescia<\/strong> que figura a continuaci\u00f3n:<\/p>\n\n<p><\/p>\n\n<figure class=\"wp-block-image size-large\"><img loading=\"lazy\" decoding=\"async\" width=\"1024\" height=\"325\" src=\"https:\/\/www.hipac.com\/wp-content\/uploads\/2024\/03\/2023_03_22_Giornale-di-Brescia-1024x325.jpg\" alt=\"L'art&#xED;culo del Giornale di Brescia sobre el fallecimiento de Simone Giorlando.\" class=\"wp-image-10082\" srcset=\"https:\/\/www.hipac.com\/wp-content\/uploads\/2024\/03\/2023_03_22_Giornale-di-Brescia-1024x325.jpg 1024w, https:\/\/www.hipac.com\/wp-content\/uploads\/2024\/03\/2023_03_22_Giornale-di-Brescia-300x95.jpg 300w, https:\/\/www.hipac.com\/wp-content\/uploads\/2024\/03\/2023_03_22_Giornale-di-Brescia-768x244.jpg 768w, https:\/\/www.hipac.com\/wp-content\/uploads\/2024\/03\/2023_03_22_Giornale-di-Brescia.jpg 1246w\" sizes=\"auto, (max-width: 1024px) 100vw, 1024px\" \/><\/figure>","protected":false},"excerpt":{"rendered":"<p>HIPAC desea recordar a su fundador, Simone Giorlando, fallecido el pasado mi\u00e9rcoles 20 de marzo a la edad de 84 a\u00f1os. Un empresario con visi\u00f3n de futuro, inteligente, incansable, riguroso, dedicado a su familia, que amaba a su trabajo y lo llevaba a cabo con honestidad, \u00e9tica y pasi\u00f3n. Un referente para la Empresa y [&hellip;]<\/p>\n","protected":false},"author":7,"featured_media":0,"comment_status":"closed","ping_status":"closed","sticky":false,"template":"","format":"standard","meta":{"_acf_changed":false,"footnotes":""},"categories":[292],"tags":[],"class_list":["post-10095","post","type-post","status-publish","format-standard","hentry","category-news-es"],"acf":[],"yoast_head":"<!-- This site is optimized with the Yoast SEO plugin v27.3 - https:\/\/yoast.com\/product\/yoast-seo-wordpress\/ -->\n<title>HIPAC RECUERDA A SU FUNDADOR SIMONE GIORLANDO - Hipac Group<\/title>\n<meta name=\"description\" content=\"La familia y los empleados desean recordar el fundador de Hipac, Simone Giorlando, pasado a la edad de 84 a\u00f1os.\" \/>\n<meta name=\"robots\" content=\"index, follow, max-snippet:-1, max-image-preview:large, max-video-preview:-1\" \/>\n<link rel=\"canonical\" href=\"https:\/\/www.hipac.com\/es\/2024\/03\/hipac-recuerda-a-su-fundador-simone-giorlando\/\" \/>\n<meta property=\"og:locale\" content=\"es_ES\" \/>\n<meta property=\"og:type\" content=\"article\" \/>\n<meta property=\"og:title\" content=\"HIPAC RECUERDA A SU FUNDADOR SIMONE GIORLANDO - Hipac Group\" \/>\n<meta property=\"og:description\" content=\"La familia y los empleados desean recordar el fundador de Hipac, Simone Giorlando, pasado a la edad de 84 a\u00f1os.\" \/>\n<meta property=\"og:url\" content=\"https:\/\/www.hipac.com\/es\/2024\/03\/hipac-recuerda-a-su-fundador-simone-giorlando\/\" \/>\n<meta property=\"og:site_name\" content=\"Hipac Group\" \/>\n<meta property=\"article:published_time\" content=\"2024-03-26T09:29:23+00:00\" \/>\n<meta property=\"article:modified_time\" content=\"2024-03-29T15:32:14+00:00\" \/>\n<meta property=\"og:image\" content=\"https:\/\/www.hipac.com\/wp-content\/uploads\/2024\/03\/2023_03_22_Giornale-di-Brescia-1024x325.jpg\" \/>\n<meta name=\"author\" content=\"Alessandro Belotti\" \/>\n<meta name=\"twitter:card\" content=\"summary_large_image\" \/>\n<meta name=\"twitter:label1\" content=\"Escrito por\" \/>\n\t<meta name=\"twitter:data1\" content=\"Alessandro Belotti\" \/>\n\t<meta name=\"twitter:label2\" content=\"Tiempo de lectura\" \/>\n\t<meta name=\"twitter:data2\" content=\"1 minuto\" \/>\n<script type=\"application\/ld+json\" class=\"yoast-schema-graph\">{\"@context\":\"https:\\\/\\\/schema.org\",\"@graph\":[{\"@type\":\"Article\",\"@id\":\"https:\\\/\\\/www.hipac.com\\\/es\\\/2024\\\/03\\\/hipac-recuerda-a-su-fundador-simone-giorlando\\\/#article\",\"isPartOf\":{\"@id\":\"https:\\\/\\\/www.hipac.com\\\/es\\\/2024\\\/03\\\/hipac-recuerda-a-su-fundador-simone-giorlando\\\/\"},\"author\":{\"name\":\"Alessandro Belotti\",\"@id\":\"https:\\\/\\\/www.hipac.com\\\/es\\\/#\\\/schema\\\/person\\\/6389bbd23c942e749577d7c5bd544a11\"},\"headline\":\"HIPAC RECUERDA A SU FUNDADOR SIMONE GIORLANDO\",\"datePublished\":\"2024-03-26T09:29:23+00:00\",\"dateModified\":\"2024-03-29T15:32:14+00:00\",\"mainEntityOfPage\":{\"@id\":\"https:\\\/\\\/www.hipac.com\\\/es\\\/2024\\\/03\\\/hipac-recuerda-a-su-fundador-simone-giorlando\\\/\"},\"wordCount\":105,\"image\":{\"@id\":\"https:\\\/\\\/www.hipac.com\\\/es\\\/2024\\\/03\\\/hipac-recuerda-a-su-fundador-simone-giorlando\\\/#primaryimage\"},\"thumbnailUrl\":\"https:\\\/\\\/www.hipac.com\\\/wp-content\\\/uploads\\\/2024\\\/03\\\/2023_03_22_Giornale-di-Brescia-1024x325.jpg\",\"articleSection\":[\"News\"],\"inLanguage\":\"es\"},{\"@type\":\"WebPage\",\"@id\":\"https:\\\/\\\/www.hipac.com\\\/es\\\/2024\\\/03\\\/hipac-recuerda-a-su-fundador-simone-giorlando\\\/\",\"url\":\"https:\\\/\\\/www.hipac.com\\\/es\\\/2024\\\/03\\\/hipac-recuerda-a-su-fundador-simone-giorlando\\\/\",\"name\":\"HIPAC RECUERDA A SU FUNDADOR SIMONE GIORLANDO - Hipac Group\",\"isPartOf\":{\"@id\":\"https:\\\/\\\/www.hipac.com\\\/es\\\/#website\"},\"primaryImageOfPage\":{\"@id\":\"https:\\\/\\\/www.hipac.com\\\/es\\\/2024\\\/03\\\/hipac-recuerda-a-su-fundador-simone-giorlando\\\/#primaryimage\"},\"image\":{\"@id\":\"https:\\\/\\\/www.hipac.com\\\/es\\\/2024\\\/03\\\/hipac-recuerda-a-su-fundador-simone-giorlando\\\/#primaryimage\"},\"thumbnailUrl\":\"https:\\\/\\\/www.hipac.com\\\/wp-content\\\/uploads\\\/2024\\\/03\\\/2023_03_22_Giornale-di-Brescia-1024x325.jpg\",\"datePublished\":\"2024-03-26T09:29:23+00:00\",\"dateModified\":\"2024-03-29T15:32:14+00:00\",\"author\":{\"@id\":\"https:\\\/\\\/www.hipac.com\\\/es\\\/#\\\/schema\\\/person\\\/6389bbd23c942e749577d7c5bd544a11\"},\"description\":\"La familia y los empleados desean recordar el fundador de Hipac, Simone Giorlando, pasado a la edad de 84 a\u00f1os.\",\"inLanguage\":\"es\",\"potentialAction\":[{\"@type\":\"ReadAction\",\"target\":[\"https:\\\/\\\/www.hipac.com\\\/es\\\/2024\\\/03\\\/hipac-recuerda-a-su-fundador-simone-giorlando\\\/\"]}]},{\"@type\":\"ImageObject\",\"inLanguage\":\"es\",\"@id\":\"https:\\\/\\\/www.hipac.com\\\/es\\\/2024\\\/03\\\/hipac-recuerda-a-su-fundador-simone-giorlando\\\/#primaryimage\",\"url\":\"https:\\\/\\\/www.hipac.com\\\/wp-content\\\/uploads\\\/2024\\\/03\\\/2023_03_22_Giornale-di-Brescia-1024x325.jpg\",\"contentUrl\":\"https:\\\/\\\/www.hipac.com\\\/wp-content\\\/uploads\\\/2024\\\/03\\\/2023_03_22_Giornale-di-Brescia-1024x325.jpg\"},{\"@type\":\"WebSite\",\"@id\":\"https:\\\/\\\/www.hipac.com\\\/es\\\/#website\",\"url\":\"https:\\\/\\\/www.hipac.com\\\/es\\\/\",\"name\":\"Hipac Group\",\"description\":\"\",\"potentialAction\":[{\"@type\":\"SearchAction\",\"target\":{\"@type\":\"EntryPoint\",\"urlTemplate\":\"https:\\\/\\\/www.hipac.com\\\/es\\\/?s={search_term_string}\"},\"query-input\":{\"@type\":\"PropertyValueSpecification\",\"valueRequired\":true,\"valueName\":\"search_term_string\"}}],\"inLanguage\":\"es\"},{\"@type\":\"Person\",\"@id\":\"https:\\\/\\\/www.hipac.com\\\/es\\\/#\\\/schema\\\/person\\\/6389bbd23c942e749577d7c5bd544a11\",\"name\":\"Alessandro Belotti\",\"image\":{\"@type\":\"ImageObject\",\"inLanguage\":\"es\",\"@id\":\"https:\\\/\\\/secure.gravatar.com\\\/avatar\\\/dc3eadb75ce8ffa0ecac96a00c5edeab015b49c1b72c59fe1652b01ecfbd4aee?s=96&d=mm&r=g\",\"url\":\"https:\\\/\\\/secure.gravatar.com\\\/avatar\\\/dc3eadb75ce8ffa0ecac96a00c5edeab015b49c1b72c59fe1652b01ecfbd4aee?s=96&d=mm&r=g\",\"contentUrl\":\"https:\\\/\\\/secure.gravatar.com\\\/avatar\\\/dc3eadb75ce8ffa0ecac96a00c5edeab015b49c1b72c59fe1652b01ecfbd4aee?s=96&d=mm&r=g\",\"caption\":\"Alessandro Belotti\"},\"url\":\"https:\\\/\\\/www.hipac.com\\\/es\\\/author\\\/alessandro-belottihipac-it\\\/\"}]}<\/script>\n<!-- \/ Yoast SEO plugin. -->","yoast_head_json":{"title":"HIPAC RECUERDA A SU FUNDADOR SIMONE GIORLANDO - Hipac Group","description":"La familia y los empleados desean recordar el fundador de Hipac, Simone Giorlando, pasado a la edad de 84 a\u00f1os.","robots":{"index":"index","follow":"follow","max-snippet":"max-snippet:-1","max-image-preview":"max-image-preview:large","max-video-preview":"max-video-preview:-1"},"canonical":"https:\/\/www.hipac.com\/es\/2024\/03\/hipac-recuerda-a-su-fundador-simone-giorlando\/","og_locale":"es_ES","og_type":"article","og_title":"HIPAC RECUERDA A SU FUNDADOR SIMONE GIORLANDO - Hipac Group","og_description":"La familia y los empleados desean recordar el fundador de Hipac, Simone Giorlando, pasado a la edad de 84 a\u00f1os.","og_url":"https:\/\/www.hipac.com\/es\/2024\/03\/hipac-recuerda-a-su-fundador-simone-giorlando\/","og_site_name":"Hipac Group","article_published_time":"2024-03-26T09:29:23+00:00","article_modified_time":"2024-03-29T15:32:14+00:00","og_image":[{"url":"https:\/\/www.hipac.com\/wp-content\/uploads\/2024\/03\/2023_03_22_Giornale-di-Brescia-1024x325.jpg","type":"","width":"","height":""}],"author":"Alessandro Belotti","twitter_card":"summary_large_image","twitter_misc":{"Escrito por":"Alessandro Belotti","Tiempo de lectura":"1 minuto"},"schema":{"@context":"https:\/\/schema.org","@graph":[{"@type":"Article","@id":"https:\/\/www.hipac.com\/es\/2024\/03\/hipac-recuerda-a-su-fundador-simone-giorlando\/#article","isPartOf":{"@id":"https:\/\/www.hipac.com\/es\/2024\/03\/hipac-recuerda-a-su-fundador-simone-giorlando\/"},"author":{"name":"Alessandro Belotti","@id":"https:\/\/www.hipac.com\/es\/#\/schema\/person\/6389bbd23c942e749577d7c5bd544a11"},"headline":"HIPAC RECUERDA A SU FUNDADOR SIMONE GIORLANDO","datePublished":"2024-03-26T09:29:23+00:00","dateModified":"2024-03-29T15:32:14+00:00","mainEntityOfPage":{"@id":"https:\/\/www.hipac.com\/es\/2024\/03\/hipac-recuerda-a-su-fundador-simone-giorlando\/"},"wordCount":105,"image":{"@id":"https:\/\/www.hipac.com\/es\/2024\/03\/hipac-recuerda-a-su-fundador-simone-giorlando\/#primaryimage"},"thumbnailUrl":"https:\/\/www.hipac.com\/wp-content\/uploads\/2024\/03\/2023_03_22_Giornale-di-Brescia-1024x325.jpg","articleSection":["News"],"inLanguage":"es"},{"@type":"WebPage","@id":"https:\/\/www.hipac.com\/es\/2024\/03\/hipac-recuerda-a-su-fundador-simone-giorlando\/","url":"https:\/\/www.hipac.com\/es\/2024\/03\/hipac-recuerda-a-su-fundador-simone-giorlando\/","name":"HIPAC RECUERDA A SU FUNDADOR SIMONE GIORLANDO - Hipac Group","isPartOf":{"@id":"https:\/\/www.hipac.com\/es\/#website"},"primaryImageOfPage":{"@id":"https:\/\/www.hipac.com\/es\/2024\/03\/hipac-recuerda-a-su-fundador-simone-giorlando\/#primaryimage"},"image":{"@id":"https:\/\/www.hipac.com\/es\/2024\/03\/hipac-recuerda-a-su-fundador-simone-giorlando\/#primaryimage"},"thumbnailUrl":"https:\/\/www.hipac.com\/wp-content\/uploads\/2024\/03\/2023_03_22_Giornale-di-Brescia-1024x325.jpg","datePublished":"2024-03-26T09:29:23+00:00","dateModified":"2024-03-29T15:32:14+00:00","author":{"@id":"https:\/\/www.hipac.com\/es\/#\/schema\/person\/6389bbd23c942e749577d7c5bd544a11"},"description":"La familia y los empleados desean recordar el fundador de Hipac, Simone Giorlando, pasado a la edad de 84 a\u00f1os.","inLanguage":"es","potentialAction":[{"@type":"ReadAction","target":["https:\/\/www.hipac.com\/es\/2024\/03\/hipac-recuerda-a-su-fundador-simone-giorlando\/"]}]},{"@type":"ImageObject","inLanguage":"es","@id":"https:\/\/www.hipac.com\/es\/2024\/03\/hipac-recuerda-a-su-fundador-simone-giorlando\/#primaryimage","url":"https:\/\/www.hipac.com\/wp-content\/uploads\/2024\/03\/2023_03_22_Giornale-di-Brescia-1024x325.jpg","contentUrl":"https:\/\/www.hipac.com\/wp-content\/uploads\/2024\/03\/2023_03_22_Giornale-di-Brescia-1024x325.jpg"},{"@type":"WebSite","@id":"https:\/\/www.hipac.com\/es\/#website","url":"https:\/\/www.hipac.com\/es\/","name":"Hipac Group","description":"","potentialAction":[{"@type":"SearchAction","target":{"@type":"EntryPoint","urlTemplate":"https:\/\/www.hipac.com\/es\/?s={search_term_string}"},"query-input":{"@type":"PropertyValueSpecification","valueRequired":true,"valueName":"search_term_string"}}],"inLanguage":"es"},{"@type":"Person","@id":"https:\/\/www.hipac.com\/es\/#\/schema\/person\/6389bbd23c942e749577d7c5bd544a11","name":"Alessandro Belotti","image":{"@type":"ImageObject","inLanguage":"es","@id":"https:\/\/secure.gravatar.com\/avatar\/dc3eadb75ce8ffa0ecac96a00c5edeab015b49c1b72c59fe1652b01ecfbd4aee?s=96&d=mm&r=g","url":"https:\/\/secure.gravatar.com\/avatar\/dc3eadb75ce8ffa0ecac96a00c5edeab015b49c1b72c59fe1652b01ecfbd4aee?s=96&d=mm&r=g","contentUrl":"https:\/\/secure.gravatar.com\/avatar\/dc3eadb75ce8ffa0ecac96a00c5edeab015b49c1b72c59fe1652b01ecfbd4aee?s=96&d=mm&r=g","caption":"Alessandro Belotti"},"url":"https:\/\/www.hipac.com\/es\/author\/alessandro-belottihipac-it\/"}]}},"_links":{"self":[{"href":"https:\/\/www.hipac.com\/es\/wp-json\/wp\/v2\/posts\/10095","targetHints":{"allow":["GET"]}}],"collection":[{"href":"https:\/\/www.hipac.com\/es\/wp-json\/wp\/v2\/posts"}],"about":[{"href":"https:\/\/www.hipac.com\/es\/wp-json\/wp\/v2\/types\/post"}],"author":[{"embeddable":true,"href":"https:\/\/www.hipac.com\/es\/wp-json\/wp\/v2\/users\/7"}],"replies":[{"embeddable":true,"href":"https:\/\/www.hipac.com\/es\/wp-json\/wp\/v2\/comments?post=10095"}],"version-history":[{"count":2,"href":"https:\/\/www.hipac.com\/es\/wp-json\/wp\/v2\/posts\/10095\/revisions"}],"predecessor-version":[{"id":10100,"href":"https:\/\/www.hipac.com\/es\/wp-json\/wp\/v2\/posts\/10095\/revisions\/10100"}],"wp:attachment":[{"href":"https:\/\/www.hipac.com\/es\/wp-json\/wp\/v2\/media?parent=10095"}],"wp:term":[{"taxonomy":"category","embeddable":true,"href":"https:\/\/www.hipac.com\/es\/wp-json\/wp\/v2\/categories?post=10095"},{"taxonomy":"post_tag","embeddable":true,"href":"https:\/\/www.hipac.com\/es\/wp-json\/wp\/v2\/tags?post=10095"}],"curies":[{"name":"wp","href":"https:\/\/api.w.org\/{rel}","templated":true}]}}