{"id":8761,"date":"2023-03-31T17:00:38","date_gmt":"2023-03-31T15:00:38","guid":{"rendered":"https:\/\/www.hipac.com\/2023\/03\/wir-erwarten-sie-auf-der-interpack-europas-renommiertester-verpackungsmesse\/"},"modified":"2023-04-05T17:36:27","modified_gmt":"2023-04-05T15:36:27","slug":"wir-erwarten-sie-auf-der-interpack-europas-renommiertester-verpackungsmesse","status":"publish","type":"post","link":"https:\/\/www.hipac.com\/de\/2023\/03\/wir-erwarten-sie-auf-der-interpack-europas-renommiertester-verpackungsmesse\/","title":{"rendered":"Wir erwarten Sie auf der Interpack, Europas renommiertester Verpackungsmesse."},"content":{"rendered":"\n<p>Es ist wieder soweit! Wir sind bereit, und Sie?<\/p>\n\n<p>Wir erwarten Sie auf der Interpack, Europas renommiertester Verpackungsmesse.<\/p>\n\n<p><strong>WANN:<\/strong> 4. bis 10. Mai 2023<\/p>\n\n<p><strong>WO:<\/strong> D\u00fcsseldorf, Messegel\u00e4nde, Halle 7, 1. Stock, Stand D288<\/p>\n\n<p><strong>WARUM:<\/strong> Wir m\u00f6chten Sie im Rahmen unseres Nachhaltigkeitsprojekts f\u00fcr Stretchfolien \u00fcber die Innovationen zur Reduzierung, Wiederverwendung und zum Recycling von Kunststoffen informieren. <strong>Halle 7, 1. Stock, Stand D28<\/strong><\/p>\n\n<p>Und wenn das alles noch nicht genug ist, haben wir noch eine sehr wichtige Neuheit unter unseren Premium-Folien&#8230; kommen Sie und entdecken Sie sie!<\/p>\n\n<figure class=\"wp-block-image size-full is-resized\"><img loading=\"lazy\" decoding=\"async\" src=\"https:\/\/www.hipac.com\/wp-content\/uploads\/2023\/03\/Hipac_stabilimento.jpg\" alt=\"\" class=\"wp-image-8743\" width=\"522\" height=\"377\" srcset=\"https:\/\/www.hipac.com\/wp-content\/uploads\/2023\/03\/Hipac_stabilimento.jpg 650w, https:\/\/www.hipac.com\/wp-content\/uploads\/2023\/03\/Hipac_stabilimento-300x216.jpg 300w\" sizes=\"auto, (max-width: 522px) 100vw, 522px\" \/><\/figure>","protected":false},"excerpt":{"rendered":"<p>Es ist wieder soweit! Wir sind bereit, und Sie? Wir erwarten Sie auf der Interpack, Europas renommiertester Verpackungsmesse. WANN: 4. bis 10. Mai 2023 WO: D\u00fcsseldorf, Messegel\u00e4nde, Halle 7, 1. Stock, Stand D288 WARUM: Wir m\u00f6chten Sie im Rahmen unseres Nachhaltigkeitsprojekts f\u00fcr Stretchfolien \u00fcber die Innovationen zur Reduzierung, Wiederverwendung und zum Recycling von Kunststoffen informieren. [&hellip;]<\/p>\n","protected":false},"author":3,"featured_media":0,"comment_status":"closed","ping_status":"closed","sticky":false,"template":"","format":"standard","meta":{"_acf_changed":false,"footnotes":""},"categories":[286],"tags":[316,749],"class_list":["post-8761","post","type-post","status-publish","format-standard","hentry","category-news-de","tag-stretchfilm","tag-stretchfolie"],"acf":[],"yoast_head":"<!-- This site is optimized with the Yoast SEO plugin v27.3 - https:\/\/yoast.com\/product\/yoast-seo-wordpress\/ -->\n<title>Wir erwarten Sie auf der Interpack, Europas renommiertester Verpackungsmesse. - Hipac Group<\/title>\n<meta name=\"description\" content=\"HIPAC, ein f\u00fchrendes Unternehmen im Bereich flexibler Verpackungen, freut sich darauf, Sie auf der Interpack-Messe in D\u00fcsseldorf zu treffen, um \u00fcber die Reduzierung, Wiederverwendung und das Recycling von Kunststoffen im Rahmen unseres Nachhaltigkeitsprojekts f\u00fcr Stretchfolien zu sprechen.\" \/>\n<meta name=\"robots\" content=\"index, follow, max-snippet:-1, max-image-preview:large, max-video-preview:-1\" \/>\n<link rel=\"canonical\" href=\"https:\/\/www.hipac.com\/de\/2023\/03\/wir-erwarten-sie-auf-der-interpack-europas-renommiertester-verpackungsmesse\/\" \/>\n<meta property=\"og:locale\" content=\"de_DE\" \/>\n<meta property=\"og:type\" content=\"article\" \/>\n<meta property=\"og:title\" content=\"Wir erwarten Sie auf der Interpack, Europas renommiertester Verpackungsmesse. - Hipac Group\" \/>\n<meta property=\"og:description\" content=\"HIPAC, ein f\u00fchrendes Unternehmen im Bereich flexibler Verpackungen, freut sich darauf, Sie auf der Interpack-Messe in D\u00fcsseldorf zu treffen, um \u00fcber die Reduzierung, Wiederverwendung und das Recycling von Kunststoffen im Rahmen unseres Nachhaltigkeitsprojekts f\u00fcr Stretchfolien zu sprechen.\" \/>\n<meta property=\"og:url\" content=\"https:\/\/www.hipac.com\/de\/2023\/03\/wir-erwarten-sie-auf-der-interpack-europas-renommiertester-verpackungsmesse\/\" \/>\n<meta property=\"og:site_name\" content=\"Hipac Group\" \/>\n<meta property=\"article:published_time\" content=\"2023-03-31T15:00:38+00:00\" \/>\n<meta property=\"article:modified_time\" content=\"2023-04-05T15:36:27+00:00\" \/>\n<meta property=\"og:image\" content=\"https:\/\/www.hipac.com\/wp-content\/uploads\/2023\/03\/Hipac_stabilimento.jpg\" \/>\n<meta name=\"author\" content=\"IT Hipac\" \/>\n<meta name=\"twitter:card\" content=\"summary_large_image\" \/>\n<meta name=\"twitter:label1\" content=\"Verfasst von\" \/>\n\t<meta name=\"twitter:data1\" content=\"IT Hipac\" \/>\n<script type=\"application\/ld+json\" class=\"yoast-schema-graph\">{\"@context\":\"https:\\\/\\\/schema.org\",\"@graph\":[{\"@type\":\"Article\",\"@id\":\"https:\\\/\\\/www.hipac.com\\\/de\\\/2023\\\/03\\\/wir-erwarten-sie-auf-der-interpack-europas-renommiertester-verpackungsmesse\\\/#article\",\"isPartOf\":{\"@id\":\"https:\\\/\\\/www.hipac.com\\\/de\\\/2023\\\/03\\\/wir-erwarten-sie-auf-der-interpack-europas-renommiertester-verpackungsmesse\\\/\"},\"author\":{\"name\":\"IT Hipac\",\"@id\":\"https:\\\/\\\/www.hipac.com\\\/de\\\/#\\\/schema\\\/person\\\/3177c4ff3efb384a6952b252d896b8f9\"},\"headline\":\"Wir erwarten Sie auf der Interpack, Europas renommiertester Verpackungsmesse.\",\"datePublished\":\"2023-03-31T15:00:38+00:00\",\"dateModified\":\"2023-04-05T15:36:27+00:00\",\"mainEntityOfPage\":{\"@id\":\"https:\\\/\\\/www.hipac.com\\\/de\\\/2023\\\/03\\\/wir-erwarten-sie-auf-der-interpack-europas-renommiertester-verpackungsmesse\\\/\"},\"wordCount\":91,\"image\":{\"@id\":\"https:\\\/\\\/www.hipac.com\\\/de\\\/2023\\\/03\\\/wir-erwarten-sie-auf-der-interpack-europas-renommiertester-verpackungsmesse\\\/#primaryimage\"},\"thumbnailUrl\":\"https:\\\/\\\/www.hipac.com\\\/wp-content\\\/uploads\\\/2023\\\/03\\\/Hipac_stabilimento.jpg\",\"keywords\":[\"stretchfilm\",\"Stretchfolie\"],\"articleSection\":[\"News\"],\"inLanguage\":\"de\"},{\"@type\":\"WebPage\",\"@id\":\"https:\\\/\\\/www.hipac.com\\\/de\\\/2023\\\/03\\\/wir-erwarten-sie-auf-der-interpack-europas-renommiertester-verpackungsmesse\\\/\",\"url\":\"https:\\\/\\\/www.hipac.com\\\/de\\\/2023\\\/03\\\/wir-erwarten-sie-auf-der-interpack-europas-renommiertester-verpackungsmesse\\\/\",\"name\":\"Wir erwarten Sie auf der Interpack, Europas renommiertester Verpackungsmesse. - Hipac Group\",\"isPartOf\":{\"@id\":\"https:\\\/\\\/www.hipac.com\\\/de\\\/#website\"},\"primaryImageOfPage\":{\"@id\":\"https:\\\/\\\/www.hipac.com\\\/de\\\/2023\\\/03\\\/wir-erwarten-sie-auf-der-interpack-europas-renommiertester-verpackungsmesse\\\/#primaryimage\"},\"image\":{\"@id\":\"https:\\\/\\\/www.hipac.com\\\/de\\\/2023\\\/03\\\/wir-erwarten-sie-auf-der-interpack-europas-renommiertester-verpackungsmesse\\\/#primaryimage\"},\"thumbnailUrl\":\"https:\\\/\\\/www.hipac.com\\\/wp-content\\\/uploads\\\/2023\\\/03\\\/Hipac_stabilimento.jpg\",\"datePublished\":\"2023-03-31T15:00:38+00:00\",\"dateModified\":\"2023-04-05T15:36:27+00:00\",\"author\":{\"@id\":\"https:\\\/\\\/www.hipac.com\\\/de\\\/#\\\/schema\\\/person\\\/3177c4ff3efb384a6952b252d896b8f9\"},\"description\":\"HIPAC, ein f\u00fchrendes Unternehmen im Bereich flexibler Verpackungen, freut sich darauf, Sie auf der Interpack-Messe in D\u00fcsseldorf zu treffen, um \u00fcber die Reduzierung, Wiederverwendung und das Recycling von Kunststoffen im Rahmen unseres Nachhaltigkeitsprojekts f\u00fcr Stretchfolien zu sprechen.\",\"inLanguage\":\"de\",\"potentialAction\":[{\"@type\":\"ReadAction\",\"target\":[\"https:\\\/\\\/www.hipac.com\\\/de\\\/2023\\\/03\\\/wir-erwarten-sie-auf-der-interpack-europas-renommiertester-verpackungsmesse\\\/\"]}]},{\"@type\":\"ImageObject\",\"inLanguage\":\"de\",\"@id\":\"https:\\\/\\\/www.hipac.com\\\/de\\\/2023\\\/03\\\/wir-erwarten-sie-auf-der-interpack-europas-renommiertester-verpackungsmesse\\\/#primaryimage\",\"url\":\"https:\\\/\\\/www.hipac.com\\\/wp-content\\\/uploads\\\/2023\\\/03\\\/Hipac_stabilimento.jpg\",\"contentUrl\":\"https:\\\/\\\/www.hipac.com\\\/wp-content\\\/uploads\\\/2023\\\/03\\\/Hipac_stabilimento.jpg\"},{\"@type\":\"WebSite\",\"@id\":\"https:\\\/\\\/www.hipac.com\\\/de\\\/#website\",\"url\":\"https:\\\/\\\/www.hipac.com\\\/de\\\/\",\"name\":\"Hipac Group\",\"description\":\"\",\"potentialAction\":[{\"@type\":\"SearchAction\",\"target\":{\"@type\":\"EntryPoint\",\"urlTemplate\":\"https:\\\/\\\/www.hipac.com\\\/de\\\/?s={search_term_string}\"},\"query-input\":{\"@type\":\"PropertyValueSpecification\",\"valueRequired\":true,\"valueName\":\"search_term_string\"}}],\"inLanguage\":\"de\"},{\"@type\":\"Person\",\"@id\":\"https:\\\/\\\/www.hipac.com\\\/de\\\/#\\\/schema\\\/person\\\/3177c4ff3efb384a6952b252d896b8f9\",\"name\":\"IT Hipac\",\"image\":{\"@type\":\"ImageObject\",\"inLanguage\":\"de\",\"@id\":\"https:\\\/\\\/secure.gravatar.com\\\/avatar\\\/fdb71693b89fe4a30374b5e48b03a4d6c250b7fdc1b7f68cee685d90fd80912b?s=96&d=mm&r=g\",\"url\":\"https:\\\/\\\/secure.gravatar.com\\\/avatar\\\/fdb71693b89fe4a30374b5e48b03a4d6c250b7fdc1b7f68cee685d90fd80912b?s=96&d=mm&r=g\",\"contentUrl\":\"https:\\\/\\\/secure.gravatar.com\\\/avatar\\\/fdb71693b89fe4a30374b5e48b03a4d6c250b7fdc1b7f68cee685d90fd80912b?s=96&d=mm&r=g\",\"caption\":\"IT Hipac\"},\"url\":\"https:\\\/\\\/www.hipac.com\\\/de\\\/author\\\/simonemilesi\\\/\"}]}<\/script>\n<!-- \/ Yoast SEO plugin. -->","yoast_head_json":{"title":"Wir erwarten Sie auf der Interpack, Europas renommiertester Verpackungsmesse. - Hipac Group","description":"HIPAC, ein f\u00fchrendes Unternehmen im Bereich flexibler Verpackungen, freut sich darauf, Sie auf der Interpack-Messe in D\u00fcsseldorf zu treffen, um \u00fcber die Reduzierung, Wiederverwendung und das Recycling von Kunststoffen im Rahmen unseres Nachhaltigkeitsprojekts f\u00fcr Stretchfolien zu sprechen.","robots":{"index":"index","follow":"follow","max-snippet":"max-snippet:-1","max-image-preview":"max-image-preview:large","max-video-preview":"max-video-preview:-1"},"canonical":"https:\/\/www.hipac.com\/de\/2023\/03\/wir-erwarten-sie-auf-der-interpack-europas-renommiertester-verpackungsmesse\/","og_locale":"de_DE","og_type":"article","og_title":"Wir erwarten Sie auf der Interpack, Europas renommiertester Verpackungsmesse. - Hipac Group","og_description":"HIPAC, ein f\u00fchrendes Unternehmen im Bereich flexibler Verpackungen, freut sich darauf, Sie auf der Interpack-Messe in D\u00fcsseldorf zu treffen, um \u00fcber die Reduzierung, Wiederverwendung und das Recycling von Kunststoffen im Rahmen unseres Nachhaltigkeitsprojekts f\u00fcr Stretchfolien zu sprechen.","og_url":"https:\/\/www.hipac.com\/de\/2023\/03\/wir-erwarten-sie-auf-der-interpack-europas-renommiertester-verpackungsmesse\/","og_site_name":"Hipac Group","article_published_time":"2023-03-31T15:00:38+00:00","article_modified_time":"2023-04-05T15:36:27+00:00","og_image":[{"url":"https:\/\/www.hipac.com\/wp-content\/uploads\/2023\/03\/Hipac_stabilimento.jpg","type":"","width":"","height":""}],"author":"IT Hipac","twitter_card":"summary_large_image","twitter_misc":{"Verfasst von":"IT Hipac"},"schema":{"@context":"https:\/\/schema.org","@graph":[{"@type":"Article","@id":"https:\/\/www.hipac.com\/de\/2023\/03\/wir-erwarten-sie-auf-der-interpack-europas-renommiertester-verpackungsmesse\/#article","isPartOf":{"@id":"https:\/\/www.hipac.com\/de\/2023\/03\/wir-erwarten-sie-auf-der-interpack-europas-renommiertester-verpackungsmesse\/"},"author":{"name":"IT Hipac","@id":"https:\/\/www.hipac.com\/de\/#\/schema\/person\/3177c4ff3efb384a6952b252d896b8f9"},"headline":"Wir erwarten Sie auf der Interpack, Europas renommiertester Verpackungsmesse.","datePublished":"2023-03-31T15:00:38+00:00","dateModified":"2023-04-05T15:36:27+00:00","mainEntityOfPage":{"@id":"https:\/\/www.hipac.com\/de\/2023\/03\/wir-erwarten-sie-auf-der-interpack-europas-renommiertester-verpackungsmesse\/"},"wordCount":91,"image":{"@id":"https:\/\/www.hipac.com\/de\/2023\/03\/wir-erwarten-sie-auf-der-interpack-europas-renommiertester-verpackungsmesse\/#primaryimage"},"thumbnailUrl":"https:\/\/www.hipac.com\/wp-content\/uploads\/2023\/03\/Hipac_stabilimento.jpg","keywords":["stretchfilm","Stretchfolie"],"articleSection":["News"],"inLanguage":"de"},{"@type":"WebPage","@id":"https:\/\/www.hipac.com\/de\/2023\/03\/wir-erwarten-sie-auf-der-interpack-europas-renommiertester-verpackungsmesse\/","url":"https:\/\/www.hipac.com\/de\/2023\/03\/wir-erwarten-sie-auf-der-interpack-europas-renommiertester-verpackungsmesse\/","name":"Wir erwarten Sie auf der Interpack, Europas renommiertester Verpackungsmesse. - Hipac Group","isPartOf":{"@id":"https:\/\/www.hipac.com\/de\/#website"},"primaryImageOfPage":{"@id":"https:\/\/www.hipac.com\/de\/2023\/03\/wir-erwarten-sie-auf-der-interpack-europas-renommiertester-verpackungsmesse\/#primaryimage"},"image":{"@id":"https:\/\/www.hipac.com\/de\/2023\/03\/wir-erwarten-sie-auf-der-interpack-europas-renommiertester-verpackungsmesse\/#primaryimage"},"thumbnailUrl":"https:\/\/www.hipac.com\/wp-content\/uploads\/2023\/03\/Hipac_stabilimento.jpg","datePublished":"2023-03-31T15:00:38+00:00","dateModified":"2023-04-05T15:36:27+00:00","author":{"@id":"https:\/\/www.hipac.com\/de\/#\/schema\/person\/3177c4ff3efb384a6952b252d896b8f9"},"description":"HIPAC, ein f\u00fchrendes Unternehmen im Bereich flexibler Verpackungen, freut sich darauf, Sie auf der Interpack-Messe in D\u00fcsseldorf zu treffen, um \u00fcber die Reduzierung, Wiederverwendung und das Recycling von Kunststoffen im Rahmen unseres Nachhaltigkeitsprojekts f\u00fcr Stretchfolien zu sprechen.","inLanguage":"de","potentialAction":[{"@type":"ReadAction","target":["https:\/\/www.hipac.com\/de\/2023\/03\/wir-erwarten-sie-auf-der-interpack-europas-renommiertester-verpackungsmesse\/"]}]},{"@type":"ImageObject","inLanguage":"de","@id":"https:\/\/www.hipac.com\/de\/2023\/03\/wir-erwarten-sie-auf-der-interpack-europas-renommiertester-verpackungsmesse\/#primaryimage","url":"https:\/\/www.hipac.com\/wp-content\/uploads\/2023\/03\/Hipac_stabilimento.jpg","contentUrl":"https:\/\/www.hipac.com\/wp-content\/uploads\/2023\/03\/Hipac_stabilimento.jpg"},{"@type":"WebSite","@id":"https:\/\/www.hipac.com\/de\/#website","url":"https:\/\/www.hipac.com\/de\/","name":"Hipac Group","description":"","potentialAction":[{"@type":"SearchAction","target":{"@type":"EntryPoint","urlTemplate":"https:\/\/www.hipac.com\/de\/?s={search_term_string}"},"query-input":{"@type":"PropertyValueSpecification","valueRequired":true,"valueName":"search_term_string"}}],"inLanguage":"de"},{"@type":"Person","@id":"https:\/\/www.hipac.com\/de\/#\/schema\/person\/3177c4ff3efb384a6952b252d896b8f9","name":"IT Hipac","image":{"@type":"ImageObject","inLanguage":"de","@id":"https:\/\/secure.gravatar.com\/avatar\/fdb71693b89fe4a30374b5e48b03a4d6c250b7fdc1b7f68cee685d90fd80912b?s=96&d=mm&r=g","url":"https:\/\/secure.gravatar.com\/avatar\/fdb71693b89fe4a30374b5e48b03a4d6c250b7fdc1b7f68cee685d90fd80912b?s=96&d=mm&r=g","contentUrl":"https:\/\/secure.gravatar.com\/avatar\/fdb71693b89fe4a30374b5e48b03a4d6c250b7fdc1b7f68cee685d90fd80912b?s=96&d=mm&r=g","caption":"IT Hipac"},"url":"https:\/\/www.hipac.com\/de\/author\/simonemilesi\/"}]}},"_links":{"self":[{"href":"https:\/\/www.hipac.com\/de\/wp-json\/wp\/v2\/posts\/8761","targetHints":{"allow":["GET"]}}],"collection":[{"href":"https:\/\/www.hipac.com\/de\/wp-json\/wp\/v2\/posts"}],"about":[{"href":"https:\/\/www.hipac.com\/de\/wp-json\/wp\/v2\/types\/post"}],"author":[{"embeddable":true,"href":"https:\/\/www.hipac.com\/de\/wp-json\/wp\/v2\/users\/3"}],"replies":[{"embeddable":true,"href":"https:\/\/www.hipac.com\/de\/wp-json\/wp\/v2\/comments?post=8761"}],"version-history":[{"count":3,"href":"https:\/\/www.hipac.com\/de\/wp-json\/wp\/v2\/posts\/8761\/revisions"}],"predecessor-version":[{"id":8764,"href":"https:\/\/www.hipac.com\/de\/wp-json\/wp\/v2\/posts\/8761\/revisions\/8764"}],"wp:attachment":[{"href":"https:\/\/www.hipac.com\/de\/wp-json\/wp\/v2\/media?parent=8761"}],"wp:term":[{"taxonomy":"category","embeddable":true,"href":"https:\/\/www.hipac.com\/de\/wp-json\/wp\/v2\/categories?post=8761"},{"taxonomy":"post_tag","embeddable":true,"href":"https:\/\/www.hipac.com\/de\/wp-json\/wp\/v2\/tags?post=8761"}],"curies":[{"name":"wp","href":"https:\/\/api.w.org\/{rel}","templated":true}]}}