{"id":13191,"date":"2026-03-25T10:33:08","date_gmt":"2026-03-25T09:33:08","guid":{"rendered":"https:\/\/www.hipac.com\/2026\/03\/hipac-auf-der-interpack-2026\/"},"modified":"2026-03-25T14:05:14","modified_gmt":"2026-03-25T13:05:14","slug":"hipac-auf-der-interpack-2026","status":"publish","type":"post","link":"https:\/\/www.hipac.com\/de\/2026\/03\/hipac-auf-der-interpack-2026\/","title":{"rendered":"HIPAC AUF DER INTERPACK 2026"},"content":{"rendered":"\n<figure class=\"wp-block-image size-large\"><img loading=\"lazy\" decoding=\"async\" width=\"1024\" height=\"576\" src=\"https:\/\/www.hipac.com\/wp-content\/uploads\/2026\/03\/2026.03.18-Grafica-Interpack-versione-1-1024x576.jpg\" alt=\"HIPAC AUF DER INTERPACK 2026\" class=\"wp-image-13117\" srcset=\"https:\/\/www.hipac.com\/wp-content\/uploads\/2026\/03\/2026.03.18-Grafica-Interpack-versione-1-1024x576.jpg 1024w, https:\/\/www.hipac.com\/wp-content\/uploads\/2026\/03\/2026.03.18-Grafica-Interpack-versione-1-300x169.jpg 300w, https:\/\/www.hipac.com\/wp-content\/uploads\/2026\/03\/2026.03.18-Grafica-Interpack-versione-1-768x432.jpg 768w, https:\/\/www.hipac.com\/wp-content\/uploads\/2026\/03\/2026.03.18-Grafica-Interpack-versione-1-1536x864.jpg 1536w, https:\/\/www.hipac.com\/wp-content\/uploads\/2026\/03\/2026.03.18-Grafica-Interpack-versione-1.jpg 1920w\" sizes=\"auto, (max-width: 1024px) 100vw, 1024px\" \/><\/figure>\n\n<p>Am <strong>HIPAC\u2011Stand (Halle 10, Stand D19) <\/strong>k\u00f6nnen Besucher den langfristigen Entwicklungsweg der Gruppe entdecken, der auf <strong>Nachhaltigkeit, technologischer Innovation<\/strong> und <strong>Ergonomie f\u00fcr die Bediener basiert<\/strong>.<\/p>\n\n<p><strong>Zu den wichtigsten Neuheiten, die auf der <a href=\"https:\/\/www.interpack.com\/\">Interpack<\/a> pr\u00e4sentiert werden, z\u00e4hlen:<\/strong><\/p>\n\n<p><strong>\u2022 NETROLL\u00ae \u2013 Die Stretchfolie ohne Kartonkern<\/strong><br\/>100% Stretchfolienrolle ohne Kartonkern auskommt und sowohl f\u00fcr manuelle als auch f\u00fcr automatische Anwendungen geeignet ist. Diese L\u00f6sung tr\u00e4gt zur Abfallreduzierung bei, verbessert die logistische Effizienz und unterst\u00fctzt nachhaltigere Verpackungsprozesse.<\/p>\n\n<p><strong><a href=\"https:\/\/www.hipac.com\/de\/produkt\/agrhipac\/\">\u2022 AGRHIPAC \u2013 Die Stretchfolie f\u00fcr Silage<\/a><\/strong><br\/>Entwickelte Stretchfolie, die speziell f\u00fcr die Umwicklung von Futter konzipiert wurde und auch unter anspruchsvollsten Umwelt- und Betriebsbedingungen zuverl\u00e4ssige Leistungen gew\u00e4hrleistet.<\/p>\n\n<p><a href=\"https:\/\/www.hipac.com\/de\/produkte\/kategorie\/kollation-strecken\/\"><strong>\u2022 COLLATION STRETCH \u2013 unsere Alternative zu herk\u00f6mmlichen Schrumpffolien<\/strong><\/a><br\/><strong>Unsere nachhaltige Alternative<\/strong> zu herk\u00f6mmlichen Schrumpffolien f\u00fcr Multipack-Anwendungen.<br\/>Sie erm\u00f6glicht eine <strong>Reduzierung des Energie-<\/strong> und Materialverbrauchs bei gleichzeitig hoher Ladungsstabilit\u00e4t. <\/p>\n\n<p><strong><a href=\"https:\/\/www.hipac.com\/de\/produkt\/der-dispenser-hi-dea\/\">\u2022 HI.DEA \u2013 Die Revolution der manuellen Verpackung<\/a><\/strong><br\/><strong>Ergonomischer Spender<\/strong> f\u00fcr manuelle Verpackungsprozesse, der entwickelt wurde, um die operative Effizienz zu steigern und zur Reduzierung von Muskel\u2011Skelett\u2011Belastungen der Bediener beizutragen.<\/p>\n\n<h2 class=\"wp-block-heading\"><strong>Ein umfassendes Sortiment an Stretchfolienl\u00f6sungen<\/strong><\/h2>\n\n<p>Neben den neuesten Innovationen pr\u00e4sentiert HIPAC das komplette Sortiment an <strong>Premium\u2011Stretchfolien<\/strong>, darunter:<\/p>\n\n<ul class=\"wp-block-list\">\n<li>Hochleistungs\u2011Stretchfolien f\u00fcr manuelle und automatische Anwendungen<\/li>\n\n\n\n<li>Die <strong>HI.GREEN<\/strong>\u2011Produktlinie aus post\u2011consumer\u2011 oder post\u2011industriell recyceltem Kunststoff, zertifiziert nach <strong>Plastica Seconda Vita<\/strong> und <strong>AENOR<\/strong><\/li>\n\n\n\n<li>Spezielle Pre\u2011Stretch\u2011L\u00f6sungen zur optimierten Materialnutzung und verbesserten Performance<\/li>\n<\/ul>\n\n<h2 class=\"wp-block-heading\"><strong>Verbessern Sie Ihre Verpackungsprozesse mit HIPAC<\/strong><\/h2>\n\n<p>Die <strong>INTERPACK 2026<\/strong> bietet die ideale Gelegenheit, zu erfahren, wie die fortschrittlichen Technologien von HIPAC dazu beitragen k\u00f6nnen, Verpackungsprozesse in zahlreichen Industriebereichen <strong>effizienter, sicherer<\/strong> und <strong>nachhaltiger <\/strong>zu gestalten.<\/p>\n\n<p>HIPAC freut sich darauf, Besucher am <strong>Stand D19 <\/strong>in <strong>Halle 10 <\/strong>begr\u00fc\u00dfen zu d\u00fcrfen.<\/p>\n","protected":false},"excerpt":{"rendered":"<p>Am HIPAC\u2011Stand (Halle 10, Stand D19) k\u00f6nnen Besucher den langfristigen Entwicklungsweg der Gruppe entdecken, der auf Nachhaltigkeit, technologischer Innovation und Ergonomie f\u00fcr die Bediener basiert. Zu den wichtigsten Neuheiten, die auf der Interpack pr\u00e4sentiert werden, z\u00e4hlen: \u2022 NETROLL\u00ae \u2013 Die Stretchfolie ohne Kartonkern100% Stretchfolienrolle ohne Kartonkern auskommt und sowohl f\u00fcr manuelle als auch f\u00fcr automatische [&hellip;]<\/p>\n","protected":false},"author":7,"featured_media":0,"comment_status":"closed","ping_status":"closed","sticky":false,"template":"","format":"standard","meta":{"_acf_changed":false,"footnotes":""},"categories":[286],"tags":[951],"class_list":["post-13191","post","type-post","status-publish","format-standard","hentry","category-news-de","tag-interpack"],"acf":[],"yoast_head":"<!-- This site is optimized with the Yoast SEO plugin v27.3 - https:\/\/yoast.com\/product\/yoast-seo-wordpress\/ -->\n<title>HIPAC AUF DER INTERPACK 2026 - Hipac Group<\/title>\n<meta name=\"description\" content=\"Die Hipac-Gruppe wird an der Ausgabe 2026 der wichtigsten internationalen Fachmesse f\u00fcr die Verpackungsbranche teilnehmen.\" \/>\n<meta name=\"robots\" content=\"index, follow, max-snippet:-1, max-image-preview:large, max-video-preview:-1\" \/>\n<link rel=\"canonical\" href=\"https:\/\/www.hipac.com\/de\/2026\/03\/hipac-auf-der-interpack-2026\/\" \/>\n<meta property=\"og:locale\" content=\"de_DE\" \/>\n<meta property=\"og:type\" content=\"article\" \/>\n<meta property=\"og:title\" content=\"HIPAC AUF DER INTERPACK 2026 - Hipac Group\" \/>\n<meta property=\"og:description\" content=\"Die Hipac-Gruppe wird an der Ausgabe 2026 der wichtigsten internationalen Fachmesse f\u00fcr die Verpackungsbranche teilnehmen.\" \/>\n<meta property=\"og:url\" content=\"https:\/\/www.hipac.com\/de\/2026\/03\/hipac-auf-der-interpack-2026\/\" \/>\n<meta property=\"og:site_name\" content=\"Hipac Group\" \/>\n<meta property=\"article:published_time\" content=\"2026-03-25T09:33:08+00:00\" \/>\n<meta property=\"article:modified_time\" content=\"2026-03-25T13:05:14+00:00\" \/>\n<meta property=\"og:image\" content=\"https:\/\/www.hipac.com\/wp-content\/uploads\/2026\/03\/2026.03.18-Grafica-Interpack-versione-1.jpg\" \/>\n\t<meta property=\"og:image:width\" content=\"1920\" \/>\n\t<meta property=\"og:image:height\" content=\"1080\" \/>\n\t<meta property=\"og:image:type\" content=\"image\/jpeg\" \/>\n<meta name=\"author\" content=\"Alessandro Belotti\" \/>\n<meta name=\"twitter:card\" content=\"summary_large_image\" \/>\n<meta name=\"twitter:label1\" content=\"Verfasst von\" \/>\n\t<meta name=\"twitter:data1\" content=\"Alessandro Belotti\" \/>\n\t<meta name=\"twitter:label2\" content=\"Gesch\u00e4tzte Lesezeit\" \/>\n\t<meta name=\"twitter:data2\" content=\"1\u00a0Minute\" \/>\n<script type=\"application\/ld+json\" class=\"yoast-schema-graph\">{\"@context\":\"https:\\\/\\\/schema.org\",\"@graph\":[{\"@type\":\"Article\",\"@id\":\"https:\\\/\\\/www.hipac.com\\\/de\\\/2026\\\/03\\\/hipac-auf-der-interpack-2026\\\/#article\",\"isPartOf\":{\"@id\":\"https:\\\/\\\/www.hipac.com\\\/de\\\/2026\\\/03\\\/hipac-auf-der-interpack-2026\\\/\"},\"author\":{\"name\":\"Alessandro Belotti\",\"@id\":\"https:\\\/\\\/www.hipac.com\\\/de\\\/#\\\/schema\\\/person\\\/6389bbd23c942e749577d7c5bd544a11\"},\"headline\":\"HIPAC AUF DER INTERPACK 2026\",\"datePublished\":\"2026-03-25T09:33:08+00:00\",\"dateModified\":\"2026-03-25T13:05:14+00:00\",\"mainEntityOfPage\":{\"@id\":\"https:\\\/\\\/www.hipac.com\\\/de\\\/2026\\\/03\\\/hipac-auf-der-interpack-2026\\\/\"},\"wordCount\":284,\"image\":{\"@id\":\"https:\\\/\\\/www.hipac.com\\\/de\\\/2026\\\/03\\\/hipac-auf-der-interpack-2026\\\/#primaryimage\"},\"thumbnailUrl\":\"https:\\\/\\\/www.hipac.com\\\/wp-content\\\/uploads\\\/2026\\\/03\\\/2026.03.18-Grafica-Interpack-versione-1-1024x576.jpg\",\"keywords\":[\"interpack\"],\"articleSection\":[\"News\"],\"inLanguage\":\"de\"},{\"@type\":\"WebPage\",\"@id\":\"https:\\\/\\\/www.hipac.com\\\/de\\\/2026\\\/03\\\/hipac-auf-der-interpack-2026\\\/\",\"url\":\"https:\\\/\\\/www.hipac.com\\\/de\\\/2026\\\/03\\\/hipac-auf-der-interpack-2026\\\/\",\"name\":\"HIPAC AUF DER INTERPACK 2026 - Hipac Group\",\"isPartOf\":{\"@id\":\"https:\\\/\\\/www.hipac.com\\\/de\\\/#website\"},\"primaryImageOfPage\":{\"@id\":\"https:\\\/\\\/www.hipac.com\\\/de\\\/2026\\\/03\\\/hipac-auf-der-interpack-2026\\\/#primaryimage\"},\"image\":{\"@id\":\"https:\\\/\\\/www.hipac.com\\\/de\\\/2026\\\/03\\\/hipac-auf-der-interpack-2026\\\/#primaryimage\"},\"thumbnailUrl\":\"https:\\\/\\\/www.hipac.com\\\/wp-content\\\/uploads\\\/2026\\\/03\\\/2026.03.18-Grafica-Interpack-versione-1-1024x576.jpg\",\"datePublished\":\"2026-03-25T09:33:08+00:00\",\"dateModified\":\"2026-03-25T13:05:14+00:00\",\"author\":{\"@id\":\"https:\\\/\\\/www.hipac.com\\\/de\\\/#\\\/schema\\\/person\\\/6389bbd23c942e749577d7c5bd544a11\"},\"description\":\"Die Hipac-Gruppe wird an der Ausgabe 2026 der wichtigsten internationalen Fachmesse f\u00fcr die Verpackungsbranche teilnehmen.\",\"inLanguage\":\"de\",\"potentialAction\":[{\"@type\":\"ReadAction\",\"target\":[\"https:\\\/\\\/www.hipac.com\\\/de\\\/2026\\\/03\\\/hipac-auf-der-interpack-2026\\\/\"]}]},{\"@type\":\"ImageObject\",\"inLanguage\":\"de\",\"@id\":\"https:\\\/\\\/www.hipac.com\\\/de\\\/2026\\\/03\\\/hipac-auf-der-interpack-2026\\\/#primaryimage\",\"url\":\"https:\\\/\\\/www.hipac.com\\\/wp-content\\\/uploads\\\/2026\\\/03\\\/2026.03.18-Grafica-Interpack-versione-1-1024x576.jpg\",\"contentUrl\":\"https:\\\/\\\/www.hipac.com\\\/wp-content\\\/uploads\\\/2026\\\/03\\\/2026.03.18-Grafica-Interpack-versione-1-1024x576.jpg\"},{\"@type\":\"WebSite\",\"@id\":\"https:\\\/\\\/www.hipac.com\\\/de\\\/#website\",\"url\":\"https:\\\/\\\/www.hipac.com\\\/de\\\/\",\"name\":\"Hipac Group\",\"description\":\"\",\"potentialAction\":[{\"@type\":\"SearchAction\",\"target\":{\"@type\":\"EntryPoint\",\"urlTemplate\":\"https:\\\/\\\/www.hipac.com\\\/de\\\/?s={search_term_string}\"},\"query-input\":{\"@type\":\"PropertyValueSpecification\",\"valueRequired\":true,\"valueName\":\"search_term_string\"}}],\"inLanguage\":\"de\"},{\"@type\":\"Person\",\"@id\":\"https:\\\/\\\/www.hipac.com\\\/de\\\/#\\\/schema\\\/person\\\/6389bbd23c942e749577d7c5bd544a11\",\"name\":\"Alessandro Belotti\",\"image\":{\"@type\":\"ImageObject\",\"inLanguage\":\"de\",\"@id\":\"https:\\\/\\\/secure.gravatar.com\\\/avatar\\\/dc3eadb75ce8ffa0ecac96a00c5edeab015b49c1b72c59fe1652b01ecfbd4aee?s=96&d=mm&r=g\",\"url\":\"https:\\\/\\\/secure.gravatar.com\\\/avatar\\\/dc3eadb75ce8ffa0ecac96a00c5edeab015b49c1b72c59fe1652b01ecfbd4aee?s=96&d=mm&r=g\",\"contentUrl\":\"https:\\\/\\\/secure.gravatar.com\\\/avatar\\\/dc3eadb75ce8ffa0ecac96a00c5edeab015b49c1b72c59fe1652b01ecfbd4aee?s=96&d=mm&r=g\",\"caption\":\"Alessandro Belotti\"},\"url\":\"https:\\\/\\\/www.hipac.com\\\/de\\\/author\\\/alessandro-belottihipac-it\\\/\"}]}<\/script>\n<!-- \/ Yoast SEO plugin. -->","yoast_head_json":{"title":"HIPAC AUF DER INTERPACK 2026 - Hipac Group","description":"Die Hipac-Gruppe wird an der Ausgabe 2026 der wichtigsten internationalen Fachmesse f\u00fcr die Verpackungsbranche teilnehmen.","robots":{"index":"index","follow":"follow","max-snippet":"max-snippet:-1","max-image-preview":"max-image-preview:large","max-video-preview":"max-video-preview:-1"},"canonical":"https:\/\/www.hipac.com\/de\/2026\/03\/hipac-auf-der-interpack-2026\/","og_locale":"de_DE","og_type":"article","og_title":"HIPAC AUF DER INTERPACK 2026 - Hipac Group","og_description":"Die Hipac-Gruppe wird an der Ausgabe 2026 der wichtigsten internationalen Fachmesse f\u00fcr die Verpackungsbranche teilnehmen.","og_url":"https:\/\/www.hipac.com\/de\/2026\/03\/hipac-auf-der-interpack-2026\/","og_site_name":"Hipac Group","article_published_time":"2026-03-25T09:33:08+00:00","article_modified_time":"2026-03-25T13:05:14+00:00","og_image":[{"width":1920,"height":1080,"url":"https:\/\/www.hipac.com\/wp-content\/uploads\/2026\/03\/2026.03.18-Grafica-Interpack-versione-1.jpg","type":"image\/jpeg"}],"author":"Alessandro Belotti","twitter_card":"summary_large_image","twitter_misc":{"Verfasst von":"Alessandro Belotti","Gesch\u00e4tzte Lesezeit":"1\u00a0Minute"},"schema":{"@context":"https:\/\/schema.org","@graph":[{"@type":"Article","@id":"https:\/\/www.hipac.com\/de\/2026\/03\/hipac-auf-der-interpack-2026\/#article","isPartOf":{"@id":"https:\/\/www.hipac.com\/de\/2026\/03\/hipac-auf-der-interpack-2026\/"},"author":{"name":"Alessandro Belotti","@id":"https:\/\/www.hipac.com\/de\/#\/schema\/person\/6389bbd23c942e749577d7c5bd544a11"},"headline":"HIPAC AUF DER INTERPACK 2026","datePublished":"2026-03-25T09:33:08+00:00","dateModified":"2026-03-25T13:05:14+00:00","mainEntityOfPage":{"@id":"https:\/\/www.hipac.com\/de\/2026\/03\/hipac-auf-der-interpack-2026\/"},"wordCount":284,"image":{"@id":"https:\/\/www.hipac.com\/de\/2026\/03\/hipac-auf-der-interpack-2026\/#primaryimage"},"thumbnailUrl":"https:\/\/www.hipac.com\/wp-content\/uploads\/2026\/03\/2026.03.18-Grafica-Interpack-versione-1-1024x576.jpg","keywords":["interpack"],"articleSection":["News"],"inLanguage":"de"},{"@type":"WebPage","@id":"https:\/\/www.hipac.com\/de\/2026\/03\/hipac-auf-der-interpack-2026\/","url":"https:\/\/www.hipac.com\/de\/2026\/03\/hipac-auf-der-interpack-2026\/","name":"HIPAC AUF DER INTERPACK 2026 - Hipac Group","isPartOf":{"@id":"https:\/\/www.hipac.com\/de\/#website"},"primaryImageOfPage":{"@id":"https:\/\/www.hipac.com\/de\/2026\/03\/hipac-auf-der-interpack-2026\/#primaryimage"},"image":{"@id":"https:\/\/www.hipac.com\/de\/2026\/03\/hipac-auf-der-interpack-2026\/#primaryimage"},"thumbnailUrl":"https:\/\/www.hipac.com\/wp-content\/uploads\/2026\/03\/2026.03.18-Grafica-Interpack-versione-1-1024x576.jpg","datePublished":"2026-03-25T09:33:08+00:00","dateModified":"2026-03-25T13:05:14+00:00","author":{"@id":"https:\/\/www.hipac.com\/de\/#\/schema\/person\/6389bbd23c942e749577d7c5bd544a11"},"description":"Die Hipac-Gruppe wird an der Ausgabe 2026 der wichtigsten internationalen Fachmesse f\u00fcr die Verpackungsbranche teilnehmen.","inLanguage":"de","potentialAction":[{"@type":"ReadAction","target":["https:\/\/www.hipac.com\/de\/2026\/03\/hipac-auf-der-interpack-2026\/"]}]},{"@type":"ImageObject","inLanguage":"de","@id":"https:\/\/www.hipac.com\/de\/2026\/03\/hipac-auf-der-interpack-2026\/#primaryimage","url":"https:\/\/www.hipac.com\/wp-content\/uploads\/2026\/03\/2026.03.18-Grafica-Interpack-versione-1-1024x576.jpg","contentUrl":"https:\/\/www.hipac.com\/wp-content\/uploads\/2026\/03\/2026.03.18-Grafica-Interpack-versione-1-1024x576.jpg"},{"@type":"WebSite","@id":"https:\/\/www.hipac.com\/de\/#website","url":"https:\/\/www.hipac.com\/de\/","name":"Hipac Group","description":"","potentialAction":[{"@type":"SearchAction","target":{"@type":"EntryPoint","urlTemplate":"https:\/\/www.hipac.com\/de\/?s={search_term_string}"},"query-input":{"@type":"PropertyValueSpecification","valueRequired":true,"valueName":"search_term_string"}}],"inLanguage":"de"},{"@type":"Person","@id":"https:\/\/www.hipac.com\/de\/#\/schema\/person\/6389bbd23c942e749577d7c5bd544a11","name":"Alessandro Belotti","image":{"@type":"ImageObject","inLanguage":"de","@id":"https:\/\/secure.gravatar.com\/avatar\/dc3eadb75ce8ffa0ecac96a00c5edeab015b49c1b72c59fe1652b01ecfbd4aee?s=96&d=mm&r=g","url":"https:\/\/secure.gravatar.com\/avatar\/dc3eadb75ce8ffa0ecac96a00c5edeab015b49c1b72c59fe1652b01ecfbd4aee?s=96&d=mm&r=g","contentUrl":"https:\/\/secure.gravatar.com\/avatar\/dc3eadb75ce8ffa0ecac96a00c5edeab015b49c1b72c59fe1652b01ecfbd4aee?s=96&d=mm&r=g","caption":"Alessandro Belotti"},"url":"https:\/\/www.hipac.com\/de\/author\/alessandro-belottihipac-it\/"}]}},"_links":{"self":[{"href":"https:\/\/www.hipac.com\/de\/wp-json\/wp\/v2\/posts\/13191","targetHints":{"allow":["GET"]}}],"collection":[{"href":"https:\/\/www.hipac.com\/de\/wp-json\/wp\/v2\/posts"}],"about":[{"href":"https:\/\/www.hipac.com\/de\/wp-json\/wp\/v2\/types\/post"}],"author":[{"embeddable":true,"href":"https:\/\/www.hipac.com\/de\/wp-json\/wp\/v2\/users\/7"}],"replies":[{"embeddable":true,"href":"https:\/\/www.hipac.com\/de\/wp-json\/wp\/v2\/comments?post=13191"}],"version-history":[{"count":1,"href":"https:\/\/www.hipac.com\/de\/wp-json\/wp\/v2\/posts\/13191\/revisions"}],"predecessor-version":[{"id":13192,"href":"https:\/\/www.hipac.com\/de\/wp-json\/wp\/v2\/posts\/13191\/revisions\/13192"}],"wp:attachment":[{"href":"https:\/\/www.hipac.com\/de\/wp-json\/wp\/v2\/media?parent=13191"}],"wp:term":[{"taxonomy":"category","embeddable":true,"href":"https:\/\/www.hipac.com\/de\/wp-json\/wp\/v2\/categories?post=13191"},{"taxonomy":"post_tag","embeddable":true,"href":"https:\/\/www.hipac.com\/de\/wp-json\/wp\/v2\/tags?post=13191"}],"curies":[{"name":"wp","href":"https:\/\/api.w.org\/{rel}","templated":true}]}}