{"id":11946,"date":"2025-10-03T14:33:32","date_gmt":"2025-10-03T12:33:32","guid":{"rendered":"https:\/\/www.hipac.com\/2025\/10\/hipac-mit-dem-prs-green-label-2025-ausgezeichnet\/"},"modified":"2025-10-03T15:02:38","modified_gmt":"2025-10-03T13:02:38","slug":"hipac-mit-dem-prs-green-label-2025-ausgezeichnet","status":"publish","type":"post","link":"https:\/\/www.hipac.com\/de\/2025\/10\/hipac-mit-dem-prs-green-label-2025-ausgezeichnet\/","title":{"rendered":"HIPAC MIT DEM PRS GREEN LABEL 2025 AUSGEZEICHNET"},"content":{"rendered":"\n<figure class=\"wp-block-image size-large\"><img loading=\"lazy\" decoding=\"async\" width=\"1024\" height=\"635\" src=\"https:\/\/www.hipac.com\/wp-content\/uploads\/2025\/10\/Grafica-1024x635.jpg\" alt=\"The PRS Green Label certificate\" class=\"wp-image-11933\" srcset=\"https:\/\/www.hipac.com\/wp-content\/uploads\/2025\/10\/Grafica-1024x635.jpg 1024w, https:\/\/www.hipac.com\/wp-content\/uploads\/2025\/10\/Grafica-300x186.jpg 300w, https:\/\/www.hipac.com\/wp-content\/uploads\/2025\/10\/Grafica-768x476.jpg 768w, https:\/\/www.hipac.com\/wp-content\/uploads\/2025\/10\/Grafica.jpg 1223w\" sizes=\"auto, (max-width: 1024px) 100vw, 1024px\" \/><\/figure>\n\n<p>Auch in diesem Jahr hat<strong> HIPAC <\/strong>die <strong>Green Label PRS<\/strong>-Auszeichnung erhalten.<\/p>\n\n<p>Das <strong>PRS Green Label<\/strong> zeichnet alle Unternehmen aus, die aktiv zur <a href=\"https:\/\/www.prs-pooling.com\/en\/sustainability\/green-label\/#:~:text=For%20more%20than%2030%20years%2C%20PRS%20has%20been,model%2C%20we%20have%20created%20the%20PRS%20Green%20Label.\">Wiederverwendung von Paletten beitragen<\/a>: Dank einer Wiederverwertungsquote von \u00fcber 65% hilft HIPAC, hunderte von B\u00e4umen zu retten.<\/p>\n\n<p>Ein weiterer Meilenstein auf dem Weg zur <strong>Nachhaltigkeit<\/strong>, den unser Unternehmen eingeschlagen hat.<\/p>\n\n<p>Mehr \u00fcber HIPACs Engagement f\u00fcr <a href=\"https:\/\/www.hipac.com\/de\/nachhaltigkeit\/\">Nachhaltigkeit<\/a> erfahren Sie hier<\/p>\n","protected":false},"excerpt":{"rendered":"<p>Auch in diesem Jahr hat HIPAC die Green Label PRS-Auszeichnung erhalten. Das PRS Green Label zeichnet alle Unternehmen aus, die aktiv zur Wiederverwendung von Paletten beitragen: Dank einer Wiederverwertungsquote von \u00fcber 65% hilft HIPAC, hunderte von B\u00e4umen zu retten. Ein weiterer Meilenstein auf dem Weg zur Nachhaltigkeit, den unser Unternehmen eingeschlagen hat. Mehr \u00fcber HIPACs [&hellip;]<\/p>\n","protected":false},"author":7,"featured_media":0,"comment_status":"closed","ping_status":"closed","sticky":false,"template":"","format":"standard","meta":{"_acf_changed":false,"footnotes":""},"categories":[286],"tags":[801,890,889,749],"class_list":["post-11946","post","type-post","status-publish","format-standard","hentry","category-news-de","tag-greeneconomy-de","tag-pallet","tag-prs-green-label","tag-stretchfolie"],"acf":[],"yoast_head":"<!-- This site is optimized with the Yoast SEO plugin v27.3 - https:\/\/yoast.com\/product\/yoast-seo-wordpress\/ -->\n<title>HIPAC MIT DEM PRS GREEN LABEL 2025 AUSGEZEICHNET - Hipac Group<\/title>\n<meta name=\"description\" content=\"Hipac erh\u00e4lt das PRS GREEN LABEL zeichnet alle Unternehmen aus, die aktiv zur Wiederverwendung von Paletten beitragen\" \/>\n<meta name=\"robots\" content=\"index, follow, max-snippet:-1, max-image-preview:large, max-video-preview:-1\" \/>\n<link rel=\"canonical\" href=\"https:\/\/www.hipac.com\/de\/2025\/10\/hipac-mit-dem-prs-green-label-2025-ausgezeichnet\/\" \/>\n<meta property=\"og:locale\" content=\"de_DE\" \/>\n<meta property=\"og:type\" content=\"article\" \/>\n<meta property=\"og:title\" content=\"HIPAC MIT DEM PRS GREEN LABEL 2025 AUSGEZEICHNET - Hipac Group\" \/>\n<meta property=\"og:description\" content=\"Hipac erh\u00e4lt das PRS GREEN LABEL zeichnet alle Unternehmen aus, die aktiv zur Wiederverwendung von Paletten beitragen\" \/>\n<meta property=\"og:url\" content=\"https:\/\/www.hipac.com\/de\/2025\/10\/hipac-mit-dem-prs-green-label-2025-ausgezeichnet\/\" \/>\n<meta property=\"og:site_name\" content=\"Hipac Group\" \/>\n<meta property=\"article:published_time\" content=\"2025-10-03T12:33:32+00:00\" \/>\n<meta property=\"article:modified_time\" content=\"2025-10-03T13:02:38+00:00\" \/>\n<meta property=\"og:image\" content=\"https:\/\/www.hipac.com\/wp-content\/uploads\/2025\/10\/Grafica.jpg\" \/>\n\t<meta property=\"og:image:width\" content=\"1223\" \/>\n\t<meta property=\"og:image:height\" content=\"758\" \/>\n\t<meta property=\"og:image:type\" content=\"image\/jpeg\" \/>\n<meta name=\"author\" content=\"Alessandro Belotti\" \/>\n<meta name=\"twitter:card\" content=\"summary_large_image\" \/>\n<meta name=\"twitter:label1\" content=\"Verfasst von\" \/>\n\t<meta name=\"twitter:data1\" content=\"Alessandro Belotti\" \/>\n<script type=\"application\/ld+json\" class=\"yoast-schema-graph\">{\"@context\":\"https:\\\/\\\/schema.org\",\"@graph\":[{\"@type\":\"Article\",\"@id\":\"https:\\\/\\\/www.hipac.com\\\/de\\\/2025\\\/10\\\/hipac-mit-dem-prs-green-label-2025-ausgezeichnet\\\/#article\",\"isPartOf\":{\"@id\":\"https:\\\/\\\/www.hipac.com\\\/de\\\/2025\\\/10\\\/hipac-mit-dem-prs-green-label-2025-ausgezeichnet\\\/\"},\"author\":{\"name\":\"Alessandro Belotti\",\"@id\":\"https:\\\/\\\/www.hipac.com\\\/de\\\/#\\\/schema\\\/person\\\/6389bbd23c942e749577d7c5bd544a11\"},\"headline\":\"HIPAC MIT DEM PRS GREEN LABEL 2025 AUSGEZEICHNET\",\"datePublished\":\"2025-10-03T12:33:32+00:00\",\"dateModified\":\"2025-10-03T13:02:38+00:00\",\"mainEntityOfPage\":{\"@id\":\"https:\\\/\\\/www.hipac.com\\\/de\\\/2025\\\/10\\\/hipac-mit-dem-prs-green-label-2025-ausgezeichnet\\\/\"},\"wordCount\":69,\"image\":{\"@id\":\"https:\\\/\\\/www.hipac.com\\\/de\\\/2025\\\/10\\\/hipac-mit-dem-prs-green-label-2025-ausgezeichnet\\\/#primaryimage\"},\"thumbnailUrl\":\"https:\\\/\\\/www.hipac.com\\\/wp-content\\\/uploads\\\/2025\\\/10\\\/Grafica-1024x635.jpg\",\"keywords\":[\"greeneconomy\",\"pallet\",\"PRS Green Label\",\"Stretchfolie\"],\"articleSection\":[\"News\"],\"inLanguage\":\"de\"},{\"@type\":\"WebPage\",\"@id\":\"https:\\\/\\\/www.hipac.com\\\/de\\\/2025\\\/10\\\/hipac-mit-dem-prs-green-label-2025-ausgezeichnet\\\/\",\"url\":\"https:\\\/\\\/www.hipac.com\\\/de\\\/2025\\\/10\\\/hipac-mit-dem-prs-green-label-2025-ausgezeichnet\\\/\",\"name\":\"HIPAC MIT DEM PRS GREEN LABEL 2025 AUSGEZEICHNET - Hipac Group\",\"isPartOf\":{\"@id\":\"https:\\\/\\\/www.hipac.com\\\/de\\\/#website\"},\"primaryImageOfPage\":{\"@id\":\"https:\\\/\\\/www.hipac.com\\\/de\\\/2025\\\/10\\\/hipac-mit-dem-prs-green-label-2025-ausgezeichnet\\\/#primaryimage\"},\"image\":{\"@id\":\"https:\\\/\\\/www.hipac.com\\\/de\\\/2025\\\/10\\\/hipac-mit-dem-prs-green-label-2025-ausgezeichnet\\\/#primaryimage\"},\"thumbnailUrl\":\"https:\\\/\\\/www.hipac.com\\\/wp-content\\\/uploads\\\/2025\\\/10\\\/Grafica-1024x635.jpg\",\"datePublished\":\"2025-10-03T12:33:32+00:00\",\"dateModified\":\"2025-10-03T13:02:38+00:00\",\"author\":{\"@id\":\"https:\\\/\\\/www.hipac.com\\\/de\\\/#\\\/schema\\\/person\\\/6389bbd23c942e749577d7c5bd544a11\"},\"description\":\"Hipac erh\u00e4lt das PRS GREEN LABEL zeichnet alle Unternehmen aus, die aktiv zur Wiederverwendung von Paletten beitragen\",\"inLanguage\":\"de\",\"potentialAction\":[{\"@type\":\"ReadAction\",\"target\":[\"https:\\\/\\\/www.hipac.com\\\/de\\\/2025\\\/10\\\/hipac-mit-dem-prs-green-label-2025-ausgezeichnet\\\/\"]}]},{\"@type\":\"ImageObject\",\"inLanguage\":\"de\",\"@id\":\"https:\\\/\\\/www.hipac.com\\\/de\\\/2025\\\/10\\\/hipac-mit-dem-prs-green-label-2025-ausgezeichnet\\\/#primaryimage\",\"url\":\"https:\\\/\\\/www.hipac.com\\\/wp-content\\\/uploads\\\/2025\\\/10\\\/Grafica-1024x635.jpg\",\"contentUrl\":\"https:\\\/\\\/www.hipac.com\\\/wp-content\\\/uploads\\\/2025\\\/10\\\/Grafica-1024x635.jpg\"},{\"@type\":\"WebSite\",\"@id\":\"https:\\\/\\\/www.hipac.com\\\/de\\\/#website\",\"url\":\"https:\\\/\\\/www.hipac.com\\\/de\\\/\",\"name\":\"Hipac Group\",\"description\":\"\",\"potentialAction\":[{\"@type\":\"SearchAction\",\"target\":{\"@type\":\"EntryPoint\",\"urlTemplate\":\"https:\\\/\\\/www.hipac.com\\\/de\\\/?s={search_term_string}\"},\"query-input\":{\"@type\":\"PropertyValueSpecification\",\"valueRequired\":true,\"valueName\":\"search_term_string\"}}],\"inLanguage\":\"de\"},{\"@type\":\"Person\",\"@id\":\"https:\\\/\\\/www.hipac.com\\\/de\\\/#\\\/schema\\\/person\\\/6389bbd23c942e749577d7c5bd544a11\",\"name\":\"Alessandro Belotti\",\"image\":{\"@type\":\"ImageObject\",\"inLanguage\":\"de\",\"@id\":\"https:\\\/\\\/secure.gravatar.com\\\/avatar\\\/dc3eadb75ce8ffa0ecac96a00c5edeab015b49c1b72c59fe1652b01ecfbd4aee?s=96&d=mm&r=g\",\"url\":\"https:\\\/\\\/secure.gravatar.com\\\/avatar\\\/dc3eadb75ce8ffa0ecac96a00c5edeab015b49c1b72c59fe1652b01ecfbd4aee?s=96&d=mm&r=g\",\"contentUrl\":\"https:\\\/\\\/secure.gravatar.com\\\/avatar\\\/dc3eadb75ce8ffa0ecac96a00c5edeab015b49c1b72c59fe1652b01ecfbd4aee?s=96&d=mm&r=g\",\"caption\":\"Alessandro Belotti\"},\"url\":\"https:\\\/\\\/www.hipac.com\\\/de\\\/author\\\/alessandro-belottihipac-it\\\/\"}]}<\/script>\n<!-- \/ Yoast SEO plugin. -->","yoast_head_json":{"title":"HIPAC MIT DEM PRS GREEN LABEL 2025 AUSGEZEICHNET - Hipac Group","description":"Hipac erh\u00e4lt das PRS GREEN LABEL zeichnet alle Unternehmen aus, die aktiv zur Wiederverwendung von Paletten beitragen","robots":{"index":"index","follow":"follow","max-snippet":"max-snippet:-1","max-image-preview":"max-image-preview:large","max-video-preview":"max-video-preview:-1"},"canonical":"https:\/\/www.hipac.com\/de\/2025\/10\/hipac-mit-dem-prs-green-label-2025-ausgezeichnet\/","og_locale":"de_DE","og_type":"article","og_title":"HIPAC MIT DEM PRS GREEN LABEL 2025 AUSGEZEICHNET - Hipac Group","og_description":"Hipac erh\u00e4lt das PRS GREEN LABEL zeichnet alle Unternehmen aus, die aktiv zur Wiederverwendung von Paletten beitragen","og_url":"https:\/\/www.hipac.com\/de\/2025\/10\/hipac-mit-dem-prs-green-label-2025-ausgezeichnet\/","og_site_name":"Hipac Group","article_published_time":"2025-10-03T12:33:32+00:00","article_modified_time":"2025-10-03T13:02:38+00:00","og_image":[{"width":1223,"height":758,"url":"https:\/\/www.hipac.com\/wp-content\/uploads\/2025\/10\/Grafica.jpg","type":"image\/jpeg"}],"author":"Alessandro Belotti","twitter_card":"summary_large_image","twitter_misc":{"Verfasst von":"Alessandro Belotti"},"schema":{"@context":"https:\/\/schema.org","@graph":[{"@type":"Article","@id":"https:\/\/www.hipac.com\/de\/2025\/10\/hipac-mit-dem-prs-green-label-2025-ausgezeichnet\/#article","isPartOf":{"@id":"https:\/\/www.hipac.com\/de\/2025\/10\/hipac-mit-dem-prs-green-label-2025-ausgezeichnet\/"},"author":{"name":"Alessandro Belotti","@id":"https:\/\/www.hipac.com\/de\/#\/schema\/person\/6389bbd23c942e749577d7c5bd544a11"},"headline":"HIPAC MIT DEM PRS GREEN LABEL 2025 AUSGEZEICHNET","datePublished":"2025-10-03T12:33:32+00:00","dateModified":"2025-10-03T13:02:38+00:00","mainEntityOfPage":{"@id":"https:\/\/www.hipac.com\/de\/2025\/10\/hipac-mit-dem-prs-green-label-2025-ausgezeichnet\/"},"wordCount":69,"image":{"@id":"https:\/\/www.hipac.com\/de\/2025\/10\/hipac-mit-dem-prs-green-label-2025-ausgezeichnet\/#primaryimage"},"thumbnailUrl":"https:\/\/www.hipac.com\/wp-content\/uploads\/2025\/10\/Grafica-1024x635.jpg","keywords":["greeneconomy","pallet","PRS Green Label","Stretchfolie"],"articleSection":["News"],"inLanguage":"de"},{"@type":"WebPage","@id":"https:\/\/www.hipac.com\/de\/2025\/10\/hipac-mit-dem-prs-green-label-2025-ausgezeichnet\/","url":"https:\/\/www.hipac.com\/de\/2025\/10\/hipac-mit-dem-prs-green-label-2025-ausgezeichnet\/","name":"HIPAC MIT DEM PRS GREEN LABEL 2025 AUSGEZEICHNET - Hipac Group","isPartOf":{"@id":"https:\/\/www.hipac.com\/de\/#website"},"primaryImageOfPage":{"@id":"https:\/\/www.hipac.com\/de\/2025\/10\/hipac-mit-dem-prs-green-label-2025-ausgezeichnet\/#primaryimage"},"image":{"@id":"https:\/\/www.hipac.com\/de\/2025\/10\/hipac-mit-dem-prs-green-label-2025-ausgezeichnet\/#primaryimage"},"thumbnailUrl":"https:\/\/www.hipac.com\/wp-content\/uploads\/2025\/10\/Grafica-1024x635.jpg","datePublished":"2025-10-03T12:33:32+00:00","dateModified":"2025-10-03T13:02:38+00:00","author":{"@id":"https:\/\/www.hipac.com\/de\/#\/schema\/person\/6389bbd23c942e749577d7c5bd544a11"},"description":"Hipac erh\u00e4lt das PRS GREEN LABEL zeichnet alle Unternehmen aus, die aktiv zur Wiederverwendung von Paletten beitragen","inLanguage":"de","potentialAction":[{"@type":"ReadAction","target":["https:\/\/www.hipac.com\/de\/2025\/10\/hipac-mit-dem-prs-green-label-2025-ausgezeichnet\/"]}]},{"@type":"ImageObject","inLanguage":"de","@id":"https:\/\/www.hipac.com\/de\/2025\/10\/hipac-mit-dem-prs-green-label-2025-ausgezeichnet\/#primaryimage","url":"https:\/\/www.hipac.com\/wp-content\/uploads\/2025\/10\/Grafica-1024x635.jpg","contentUrl":"https:\/\/www.hipac.com\/wp-content\/uploads\/2025\/10\/Grafica-1024x635.jpg"},{"@type":"WebSite","@id":"https:\/\/www.hipac.com\/de\/#website","url":"https:\/\/www.hipac.com\/de\/","name":"Hipac Group","description":"","potentialAction":[{"@type":"SearchAction","target":{"@type":"EntryPoint","urlTemplate":"https:\/\/www.hipac.com\/de\/?s={search_term_string}"},"query-input":{"@type":"PropertyValueSpecification","valueRequired":true,"valueName":"search_term_string"}}],"inLanguage":"de"},{"@type":"Person","@id":"https:\/\/www.hipac.com\/de\/#\/schema\/person\/6389bbd23c942e749577d7c5bd544a11","name":"Alessandro Belotti","image":{"@type":"ImageObject","inLanguage":"de","@id":"https:\/\/secure.gravatar.com\/avatar\/dc3eadb75ce8ffa0ecac96a00c5edeab015b49c1b72c59fe1652b01ecfbd4aee?s=96&d=mm&r=g","url":"https:\/\/secure.gravatar.com\/avatar\/dc3eadb75ce8ffa0ecac96a00c5edeab015b49c1b72c59fe1652b01ecfbd4aee?s=96&d=mm&r=g","contentUrl":"https:\/\/secure.gravatar.com\/avatar\/dc3eadb75ce8ffa0ecac96a00c5edeab015b49c1b72c59fe1652b01ecfbd4aee?s=96&d=mm&r=g","caption":"Alessandro Belotti"},"url":"https:\/\/www.hipac.com\/de\/author\/alessandro-belottihipac-it\/"}]}},"_links":{"self":[{"href":"https:\/\/www.hipac.com\/de\/wp-json\/wp\/v2\/posts\/11946","targetHints":{"allow":["GET"]}}],"collection":[{"href":"https:\/\/www.hipac.com\/de\/wp-json\/wp\/v2\/posts"}],"about":[{"href":"https:\/\/www.hipac.com\/de\/wp-json\/wp\/v2\/types\/post"}],"author":[{"embeddable":true,"href":"https:\/\/www.hipac.com\/de\/wp-json\/wp\/v2\/users\/7"}],"replies":[{"embeddable":true,"href":"https:\/\/www.hipac.com\/de\/wp-json\/wp\/v2\/comments?post=11946"}],"version-history":[{"count":1,"href":"https:\/\/www.hipac.com\/de\/wp-json\/wp\/v2\/posts\/11946\/revisions"}],"predecessor-version":[{"id":11947,"href":"https:\/\/www.hipac.com\/de\/wp-json\/wp\/v2\/posts\/11946\/revisions\/11947"}],"wp:attachment":[{"href":"https:\/\/www.hipac.com\/de\/wp-json\/wp\/v2\/media?parent=11946"}],"wp:term":[{"taxonomy":"category","embeddable":true,"href":"https:\/\/www.hipac.com\/de\/wp-json\/wp\/v2\/categories?post=11946"},{"taxonomy":"post_tag","embeddable":true,"href":"https:\/\/www.hipac.com\/de\/wp-json\/wp\/v2\/tags?post=11946"}],"curies":[{"name":"wp","href":"https:\/\/api.w.org\/{rel}","templated":true}]}}